{"id":816,"date":"2021-03-18T23:20:41","date_gmt":"2021-03-18T22:20:41","guid":{"rendered":"http:\/\/asso-osem.fr\/?p=816"},"modified":"2021-03-18T23:51:21","modified_gmt":"2021-03-18T22:51:21","slug":"collecte-de-produits-dhygiene-organisee-a-orleans-metropole","status":"publish","type":"post","link":"https:\/\/asso-osem.fr\/index.php\/2021\/03\/18\/collecte-de-produits-dhygiene-organisee-a-orleans-metropole\/","title":{"rendered":"Livraison de la collecte Orl\u00e9ans M\u00e9tropole de produits d&rsquo;hygi\u00e8ne"},"content":{"rendered":"<p>La M\u00e9tropole d&rsquo;Orl\u00e9ans a organis\u00e9 une collecte de produits d&rsquo;hygi\u00e8ne au sein de ses services&#8230; Elle nous a \u00e9t\u00e9 livr\u00e9e jeudi 18 Mars, et les produits rejoindront les distributions de Mars et Avril !<\/p>\n<p><img loading=\"lazy\" src=\"http:\/\/asso-osem.fr\/wp-content\/uploads\/2021\/03\/IMG_20210318_135710-768x1024.jpg\" sizes=\"(max-width: 768px) 100vw, 768px\" srcset=\"http:\/\/asso-osem.fr\/wp-content\/uploads\/2021\/03\/IMG_20210318_135710-768x1024.jpg 768w, http:\/\/asso-osem.fr\/wp-content\/uploads\/2021\/03\/IMG_20210318_135710-225x300.jpg 225w, http:\/\/asso-osem.fr\/wp-content\/uploads\/2021\/03\/IMG_20210318_135710-1152x1536.jpg 1152w, http:\/\/asso-osem.fr\/wp-content\/uploads\/2021\/03\/IMG_20210318_135710-1536x2048.jpg 1536w, http:\/\/asso-osem.fr\/wp-content\/uploads\/2021\/03\/IMG_20210318_135710-scaled.jpg 1920w\" alt=\"\" width=\"768\" height=\"1024\" \/><br \/>\n<img loading=\"lazy\" src=\"http:\/\/asso-osem.fr\/wp-content\/uploads\/2021\/03\/IMG_20210318_140003-768x1024.jpg\" sizes=\"(max-width: 768px) 100vw, 768px\" srcset=\"http:\/\/asso-osem.fr\/wp-content\/uploads\/2021\/03\/IMG_20210318_140003-768x1024.jpg 768w, http:\/\/asso-osem.fr\/wp-content\/uploads\/2021\/03\/IMG_20210318_140003-225x300.jpg 225w, http:\/\/asso-osem.fr\/wp-content\/uploads\/2021\/03\/IMG_20210318_140003-1152x1536.jpg 1152w, http:\/\/asso-osem.fr\/wp-content\/uploads\/2021\/03\/IMG_20210318_140003-1536x2048.jpg 1536w, http:\/\/asso-osem.fr\/wp-content\/uploads\/2021\/03\/IMG_20210318_140003-scaled.jpg 1920w\" alt=\"\" width=\"768\" height=\"1024\" \/><\/p>\n","protected":false},"excerpt":{"rendered":"<p>La M\u00e9tropole d&rsquo;Orl\u00e9ans a organis\u00e9 une collecte de produits d&rsquo;hygi\u00e8ne au sein de ses services&#8230; Elle nous a \u00e9t\u00e9 livr\u00e9e jeudi 18 Mars, et les produits rejoindront les distributions de Mars et Avril !<\/p>\n","protected":false},"author":2,"featured_media":0,"comment_status":"open","ping_status":"open","sticky":false,"template":"","format":"standard","meta":[],"categories":[1],"tags":[],"_links":{"self":[{"href":"https:\/\/asso-osem.fr\/index.php\/wp-json\/wp\/v2\/posts\/816"}],"collection":[{"href":"https:\/\/asso-osem.fr\/index.php\/wp-json\/wp\/v2\/posts"}],"about":[{"href":"https:\/\/asso-osem.fr\/index.php\/wp-json\/wp\/v2\/types\/post"}],"author":[{"embeddable":true,"href":"https:\/\/asso-osem.fr\/index.php\/wp-json\/wp\/v2\/users\/2"}],"replies":[{"embeddable":true,"href":"https:\/\/asso-osem.fr\/index.php\/wp-json\/wp\/v2\/comments?post=816"}],"version-history":[{"count":8,"href":"https:\/\/asso-osem.fr\/index.php\/wp-json\/wp\/v2\/posts\/816\/revisions"}],"predecessor-version":[{"id":826,"href":"https:\/\/asso-osem.fr\/index.php\/wp-json\/wp\/v2\/posts\/816\/revisions\/826"}],"wp:attachment":[{"href":"https:\/\/asso-osem.fr\/index.php\/wp-json\/wp\/v2\/media?parent=816"}],"wp:term":[{"taxonomy":"category","embeddable":true,"href":"https:\/\/asso-osem.fr\/index.php\/wp-json\/wp\/v2\/categories?post=816"},{"taxonomy":"post_tag","embeddable":true,"href":"https:\/\/asso-osem.fr\/index.php\/wp-json\/wp\/v2\/tags?post=816"}],"curies":[{"name":"wp","href":"https:\/\/api.w.org\/{rel}","templated":true}]}}