{"id":808,"date":"2021-03-23T22:14:38","date_gmt":"2021-03-23T21:14:38","guid":{"rendered":"http:\/\/asso-osem.fr\/?p=808"},"modified":"2021-03-23T22:19:09","modified_gmt":"2021-03-23T21:19:09","slug":"magali-ribot-tresoriere-presente-osem-dans-lemission-carnets-de-campagne","status":"publish","type":"post","link":"https:\/\/asso-osem.fr\/index.php\/2021\/03\/23\/magali-ribot-tresoriere-presente-osem-dans-lemission-carnets-de-campagne\/","title":{"rendered":"Magali Ribot, tr\u00e9sori\u00e8re, pr\u00e9sente O&rsquo;SEM dans l&rsquo;\u00e9mission \u00ab\u00a0Carnets de Campagne\u00a0\u00bb"},"content":{"rendered":"\t\t<div data-elementor-type=\"wp-post\" data-elementor-id=\"808\" class=\"elementor elementor-808\">\n\t\t\t\t\t\t<div class=\"elementor-inner\">\n\t\t\t\t<div class=\"elementor-section-wrap\">\n\t\t\t\t\t\t\t\t\t<section class=\"elementor-section elementor-top-section elementor-element elementor-element-6bdefca2 elementor-section-boxed elementor-section-height-default elementor-section-height-default\" data-id=\"6bdefca2\" data-element_type=\"section\">\n\t\t\t\t\t\t<div class=\"elementor-container elementor-column-gap-default\">\n\t\t\t\t\t\t\t<div class=\"elementor-row\">\n\t\t\t\t\t<div class=\"elementor-column elementor-col-100 elementor-top-column elementor-element elementor-element-6030809c\" data-id=\"6030809c\" data-element_type=\"column\">\n\t\t\t<div class=\"elementor-column-wrap elementor-element-populated\">\n\t\t\t\t\t\t\t<div class=\"elementor-widget-wrap\">\n\t\t\t\t\t\t<div class=\"elementor-element elementor-element-2d423127 elementor-widget elementor-widget-text-editor\" data-id=\"2d423127\" data-element_type=\"widget\" data-widget_type=\"text-editor.default\">\n\t\t\t\t<div class=\"elementor-widget-container\">\n\t\t\t\t\t\t\t\t<div class=\"elementor-text-editor elementor-clearfix\">\n\t\t\t\t<p><!-- wp:paragraph -->Dans ses c\u00e9l\u00e8bres Carnets de Campagne, sur France Inter, Philippe Bertrand a parl\u00e9 d&rsquo;O&rsquo;SEM avec Magali Ribot, tr\u00e9sori\u00e8re de l&rsquo;association.<br \/>#Fiert\u00e9.<br \/>Le podcast est \u00e0 \u00e9couter ICI : <a href=\"https:\/\/www.franceinter.fr\/emissions\/carnets-de-campagne\/carnets-de-campagne-23-mars-2021\" target=\"_blank\" rel=\"noopener\">https:\/\/www.franceinter.fr\/emissions\/carnets-de-campagne\/carnets-de-campagne-23-mars-2021<\/a><!-- \/wp:paragraph --><\/p>\t\t\t\t\t<\/div>\n\t\t\t\t\t\t<\/div>\n\t\t\t\t<\/div>\n\t\t\t\t\t\t<\/div>\n\t\t\t\t\t<\/div>\n\t\t<\/div>\n\t\t\t\t\t\t\t\t<\/div>\n\t\t\t\t\t<\/div>\n\t\t<\/section>\n\t\t\t\t<section class=\"elementor-section elementor-top-section elementor-element elementor-element-b4b0f1e elementor-section-boxed elementor-section-height-default elementor-section-height-default\" data-id=\"b4b0f1e\" data-element_type=\"section\">\n\t\t\t\t\t\t<div class=\"elementor-container elementor-column-gap-default\">\n\t\t\t\t\t\t\t<div class=\"elementor-row\">\n\t\t\t\t\t<div class=\"elementor-column elementor-col-100 elementor-top-column elementor-element elementor-element-9e6310a\" data-id=\"9e6310a\" data-element_type=\"column\">\n\t\t\t<div class=\"elementor-column-wrap elementor-element-populated\">\n\t\t\t\t\t\t\t<div class=\"elementor-widget-wrap\">\n\t\t\t\t\t\t<div class=\"elementor-element elementor-element-f7b22df elementor-widget elementor-widget-image\" data-id=\"f7b22df\" data-element_type=\"widget\" data-widget_type=\"image.default\">\n\t\t\t\t<div class=\"elementor-widget-container\">\n\t\t\t\t\t\t\t\t<div class=\"elementor-image\">\n\t\t\t\t\t\t\t\t\t\t\t\t<img width=\"768\" height=\"441\" src=\"https:\/\/asso-osem.fr\/wp-content\/uploads\/2021\/03\/carnets-de-campagne-23-mars-2020-768x441.jpg\" class=\"attachment-medium_large size-medium_large wp-image-840\" alt=\"\" loading=\"lazy\" srcset=\"https:\/\/asso-osem.fr\/wp-content\/uploads\/2021\/03\/carnets-de-campagne-23-mars-2020-768x441.jpg 768w, https:\/\/asso-osem.fr\/wp-content\/uploads\/2021\/03\/carnets-de-campagne-23-mars-2020-300x172.jpg 300w, https:\/\/asso-osem.fr\/wp-content\/uploads\/2021\/03\/carnets-de-campagne-23-mars-2020.jpg 898w\" sizes=\"(max-width: 768px) 100vw, 768px\" \/>\t\t\t\t\t\t\t\t\t\t\t\t\t\t<\/div>\n\t\t\t\t\t\t<\/div>\n\t\t\t\t<\/div>\n\t\t\t\t\t\t<\/div>\n\t\t\t\t\t<\/div>\n\t\t<\/div>\n\t\t\t\t\t\t\t\t<\/div>\n\t\t\t\t\t<\/div>\n\t\t<\/section>\n\t\t\t\t\t\t\t\t\t<\/div>\n\t\t\t<\/div>\n\t\t\t\t\t<\/div>\n\t\t","protected":false},"excerpt":{"rendered":"<p>Dans ses c\u00e9l\u00e8bres Carnets de Campagne, sur France Inter, Philippe Bertrand a parl\u00e9 d&rsquo;O&rsquo;SEM avec Magali Ribot, tr\u00e9sori\u00e8re de l&rsquo;association.#Fiert\u00e9.Le podcast est \u00e0 \u00e9couter ICI : https:\/\/www.franceinter.fr\/emissions\/carnets-de-campagne\/carnets-de-campagne-23-mars-2021<\/p>\n","protected":false},"author":2,"featured_media":0,"comment_status":"open","ping_status":"open","sticky":false,"template":"","format":"standard","meta":[],"categories":[4],"tags":[],"_links":{"self":[{"href":"https:\/\/asso-osem.fr\/index.php\/wp-json\/wp\/v2\/posts\/808"}],"collection":[{"href":"https:\/\/asso-osem.fr\/index.php\/wp-json\/wp\/v2\/posts"}],"about":[{"href":"https:\/\/asso-osem.fr\/index.php\/wp-json\/wp\/v2\/types\/post"}],"author":[{"embeddable":true,"href":"https:\/\/asso-osem.fr\/index.php\/wp-json\/wp\/v2\/users\/2"}],"replies":[{"embeddable":true,"href":"https:\/\/asso-osem.fr\/index.php\/wp-json\/wp\/v2\/comments?post=808"}],"version-history":[{"count":4,"href":"https:\/\/asso-osem.fr\/index.php\/wp-json\/wp\/v2\/posts\/808\/revisions"}],"predecessor-version":[{"id":843,"href":"https:\/\/asso-osem.fr\/index.php\/wp-json\/wp\/v2\/posts\/808\/revisions\/843"}],"wp:attachment":[{"href":"https:\/\/asso-osem.fr\/index.php\/wp-json\/wp\/v2\/media?parent=808"}],"wp:term":[{"taxonomy":"category","embeddable":true,"href":"https:\/\/asso-osem.fr\/index.php\/wp-json\/wp\/v2\/categories?post=808"},{"taxonomy":"post_tag","embeddable":true,"href":"https:\/\/asso-osem.fr\/index.php\/wp-json\/wp\/v2\/tags?post=808"}],"curies":[{"name":"wp","href":"https:\/\/api.w.org\/{rel}","templated":true}]}}