{"id":728,"date":"2021-03-03T19:02:52","date_gmt":"2021-03-03T18:02:52","guid":{"rendered":"http:\/\/asso-osem.fr\/?p=728"},"modified":"2021-03-06T18:51:12","modified_gmt":"2021-03-06T17:51:12","slug":"les-terres-du-val-de-loire-offrent-des-sejours-a-la-campagne-aux-etudiants-des-residences-universitaires","status":"publish","type":"post","link":"https:\/\/asso-osem.fr\/index.php\/2021\/03\/03\/les-terres-du-val-de-loire-offrent-des-sejours-a-la-campagne-aux-etudiants-des-residences-universitaires\/","title":{"rendered":"Les Terres du Val de Loire offrent des s\u00e9jours \u00e0 la campagne aux \u00e9tudiants des r\u00e9sidences universitaires"},"content":{"rendered":"\t\t<div data-elementor-type=\"wp-post\" data-elementor-id=\"728\" class=\"elementor elementor-728\">\n\t\t\t\t\t\t<div class=\"elementor-inner\">\n\t\t\t\t<div class=\"elementor-section-wrap\">\n\t\t\t\t\t\t\t\t\t<section class=\"elementor-section elementor-top-section elementor-element elementor-element-6cee44c elementor-section-boxed elementor-section-height-default elementor-section-height-default\" data-id=\"6cee44c\" data-element_type=\"section\">\n\t\t\t\t\t\t<div class=\"elementor-container elementor-column-gap-default\">\n\t\t\t\t\t\t\t<div class=\"elementor-row\">\n\t\t\t\t\t<div class=\"elementor-column elementor-col-50 elementor-top-column elementor-element elementor-element-a528a0f\" data-id=\"a528a0f\" data-element_type=\"column\">\n\t\t\t<div class=\"elementor-column-wrap elementor-element-populated\">\n\t\t\t\t\t\t\t<div class=\"elementor-widget-wrap\">\n\t\t\t\t\t\t<div class=\"elementor-element elementor-element-5cdfd8e elementor-widget elementor-widget-text-editor\" data-id=\"5cdfd8e\" data-element_type=\"widget\" data-widget_type=\"text-editor.default\">\n\t\t\t\t<div class=\"elementor-widget-container\">\n\t\t\t\t\t\t\t\t<div class=\"elementor-text-editor elementor-clearfix\">\n\t\t\t\t<div dir=\"auto\">Le territoire des Terres du Val de Loire t\u2019accueille et t\u2019offre des s\u00e9jours !<\/div><div dir=\"auto\">Pour \u00eatre \u00e9ligible \u00e0 cette op\u00e9ration :<\/div><div dir=\"auto\"><span class=\"pq6dq46d tbxw36s4 knj5qynh kvgmc6g5 ditlmg2l oygrvhab nvdbi5me sf5mxxl7 gl3lb2sf hhz5lgdu\"><img loading=\"lazy\" src=\"https:\/\/static.xx.fbcdn.net\/images\/emoji.php\/v9\/t4f\/1.5\/16\/1f3e0.png\" alt=\"\ud83c\udfe0\" width=\"16\" height=\"16\" \/><\/span> Tu dois r\u00e9sider en cit\u00e9 universitaire \u00e0 Orl\u00e9ans.<\/div><div dir=\"auto\">Pour que ton dossier soit trait\u00e9 tu dois remplir le formulaire accessible ici ( <span class=\"pq6dq46d tbxw36s4 knj5qynh kvgmc6g5 ditlmg2l oygrvhab nvdbi5me sf5mxxl7 gl3lb2sf hhz5lgdu\"><img loading=\"lazy\" src=\"https:\/\/static.xx.fbcdn.net\/images\/emoji.php\/v9\/tc\/1.5\/16\/1f517.png\" alt=\"\ud83d\udd17\" width=\"16\" height=\"16\" \/><\/span> <a class=\"oajrlxb2 g5ia77u1 qu0x051f esr5mh6w e9989ue4 r7d6kgcz rq0escxv nhd2j8a9 nc684nl6 p7hjln8o kvgmc6g5 cxmmr5t8 oygrvhab hcukyx3x jb3vyjys rz4wbd8a qt6c0cv9 a8nywdso i1ao9s8h esuyzwwr f1sip0of lzcic4wl py34i1dx gpro0wi8\" tabindex=\"0\" role=\"link\" href=\"https:\/\/cutt.ly\/wlnfUqc?fbclid=IwAR1cCKPPYaknZw_8vrvYvajHVko2VFH8cFLOJqlgfIyyTYesiPXvoYuju48\" target=\"_blank\" rel=\"nofollow noopener\">https:\/\/cutt.ly\/wlnfUqc<\/a>) et envoyer une copie des pi\u00e8ces suivantes \u00e0 l\u2019Office de Tourisme \u00e0 l\u2019adresse mail : contact@tourisme-terresduvaldeloire.fr<\/div><div dir=\"auto\"><span class=\"pq6dq46d tbxw36s4 knj5qynh kvgmc6g5 ditlmg2l oygrvhab nvdbi5me sf5mxxl7 gl3lb2sf hhz5lgdu\"><img loading=\"lazy\" src=\"https:\/\/static.xx.fbcdn.net\/images\/emoji.php\/v9\/t25\/1.5\/16\/27a1.png\" alt=\"\u27a1\ufe0f\" width=\"16\" height=\"16\" \/><\/span> Un justificatif de logement \u00e0 ton nom ;<\/div><div dir=\"auto\"><span class=\"pq6dq46d tbxw36s4 knj5qynh kvgmc6g5 ditlmg2l oygrvhab nvdbi5me sf5mxxl7 gl3lb2sf hhz5lgdu\"><img loading=\"lazy\" src=\"https:\/\/static.xx.fbcdn.net\/images\/emoji.php\/v9\/t25\/1.5\/16\/27a1.png\" alt=\"\u27a1\ufe0f\" width=\"16\" height=\"16\" \/><\/span> Une attestation de responsabilit\u00e9 civile ;<\/div><div dir=\"auto\"><span class=\"pq6dq46d tbxw36s4 knj5qynh kvgmc6g5 ditlmg2l oygrvhab nvdbi5me sf5mxxl7 gl3lb2sf hhz5lgdu\"><img loading=\"lazy\" src=\"https:\/\/static.xx.fbcdn.net\/images\/emoji.php\/v9\/t25\/1.5\/16\/27a1.png\" alt=\"\u27a1\ufe0f\" width=\"16\" height=\"16\" \/><\/span> Un certificat de scolarit\u00e9 pour l\u2019ann\u00e9e universitaire en cours.<\/div>\t\t\t\t\t<\/div>\n\t\t\t\t\t\t<\/div>\n\t\t\t\t<\/div>\n\t\t\t\t\t\t<\/div>\n\t\t\t\t\t<\/div>\n\t\t<\/div>\n\t\t\t\t<div class=\"elementor-column elementor-col-50 elementor-top-column elementor-element elementor-element-81e80ef\" data-id=\"81e80ef\" data-element_type=\"column\">\n\t\t\t<div class=\"elementor-column-wrap elementor-element-populated\">\n\t\t\t\t\t\t\t<div class=\"elementor-widget-wrap\">\n\t\t\t\t\t\t<div class=\"elementor-element elementor-element-51a0369 elementor-widget elementor-widget-image\" data-id=\"51a0369\" data-element_type=\"widget\" data-widget_type=\"image.default\">\n\t\t\t\t<div class=\"elementor-widget-container\">\n\t\t\t\t\t\t\t\t<div class=\"elementor-image\">\n\t\t\t\t\t\t\t\t\t\t\t\t<img width=\"600\" height=\"848\" src=\"https:\/\/asso-osem.fr\/wp-content\/uploads\/2021\/03\/Terres-val-de-loire.jpeg\" class=\"attachment-large size-large wp-image-730\" alt=\"\" loading=\"lazy\" srcset=\"https:\/\/asso-osem.fr\/wp-content\/uploads\/2021\/03\/Terres-val-de-loire.jpeg 600w, https:\/\/asso-osem.fr\/wp-content\/uploads\/2021\/03\/Terres-val-de-loire-212x300.jpeg 212w\" sizes=\"(max-width: 600px) 100vw, 600px\" \/>\t\t\t\t\t\t\t\t\t\t\t\t\t\t<\/div>\n\t\t\t\t\t\t<\/div>\n\t\t\t\t<\/div>\n\t\t\t\t\t\t<\/div>\n\t\t\t\t\t<\/div>\n\t\t<\/div>\n\t\t\t\t\t\t\t\t<\/div>\n\t\t\t\t\t<\/div>\n\t\t<\/section>\n\t\t\t\t\t\t\t\t\t<\/div>\n\t\t\t<\/div>\n\t\t\t\t\t<\/div>\n\t\t","protected":false},"excerpt":{"rendered":"<p>Le territoire des Terres du Val de Loire t\u2019accueille et t\u2019offre des s\u00e9jours !Pour \u00eatre \u00e9ligible \u00e0 cette op\u00e9ration : Tu dois r\u00e9sider en cit\u00e9 universitaire \u00e0 Orl\u00e9ans.Pour que ton dossier soit trait\u00e9 tu dois remplir le formulaire accessible ici ( https:\/\/cutt.ly\/wlnfUqc) et envoyer une copie des pi\u00e8ces suivantes \u00e0 l\u2019Office de Tourisme \u00e0 l\u2019adresse [&hellip;]<\/p>\n","protected":false},"author":2,"featured_media":0,"comment_status":"open","ping_status":"open","sticky":false,"template":"","format":"standard","meta":[],"categories":[14],"tags":[],"_links":{"self":[{"href":"https:\/\/asso-osem.fr\/index.php\/wp-json\/wp\/v2\/posts\/728"}],"collection":[{"href":"https:\/\/asso-osem.fr\/index.php\/wp-json\/wp\/v2\/posts"}],"about":[{"href":"https:\/\/asso-osem.fr\/index.php\/wp-json\/wp\/v2\/types\/post"}],"author":[{"embeddable":true,"href":"https:\/\/asso-osem.fr\/index.php\/wp-json\/wp\/v2\/users\/2"}],"replies":[{"embeddable":true,"href":"https:\/\/asso-osem.fr\/index.php\/wp-json\/wp\/v2\/comments?post=728"}],"version-history":[{"count":4,"href":"https:\/\/asso-osem.fr\/index.php\/wp-json\/wp\/v2\/posts\/728\/revisions"}],"predecessor-version":[{"id":733,"href":"https:\/\/asso-osem.fr\/index.php\/wp-json\/wp\/v2\/posts\/728\/revisions\/733"}],"wp:attachment":[{"href":"https:\/\/asso-osem.fr\/index.php\/wp-json\/wp\/v2\/media?parent=728"}],"wp:term":[{"taxonomy":"category","embeddable":true,"href":"https:\/\/asso-osem.fr\/index.php\/wp-json\/wp\/v2\/categories?post=728"},{"taxonomy":"post_tag","embeddable":true,"href":"https:\/\/asso-osem.fr\/index.php\/wp-json\/wp\/v2\/tags?post=728"}],"curies":[{"name":"wp","href":"https:\/\/api.w.org\/{rel}","templated":true}]}}