{"id":602,"date":"2021-01-24T21:56:28","date_gmt":"2021-01-24T20:56:28","guid":{"rendered":"http:\/\/asso-osem.fr\/?p=602"},"modified":"2021-01-24T22:10:33","modified_gmt":"2021-01-24T21:10:33","slug":"echange-entre-f-bonneau-et-l-mollet","status":"publish","type":"post","link":"https:\/\/asso-osem.fr\/index.php\/2021\/01\/24\/echange-entre-f-bonneau-et-l-mollet\/","title":{"rendered":"Echange entre F. Bonneau, Pr\u00e9sident de R\u00e9gion et L. Mollet, Pr\u00e9sidente d&rsquo;O&rsquo;SEM"},"content":{"rendered":"<h2>Un r\u00e9el plaisir d&rsquo;\u00e9changer avec Fran\u00e7ois Bonneau, Pr\u00e9sident de R\u00e9gion Centre-Val de Loire. A sa demande, une discussion sur les distributions<br \/>\nalimentaires et les conditions de vies difficiles de nos \u00e9tudiant\u00b7e\u00b7s, constat\u00e9es par O&rsquo;SEM.<\/h2>\n<p>Apr\u00e8s la mise \u00e0 disposition, fin novembre, d&rsquo;un budget de 300 000 \u20ac, une journ\u00e9e de rencontre \u00e0 Tours, Blois puis Orl\u00e9ans. Ici, Dans l&rsquo;entr\u00e9e de la R\u00e9sidence des Roses.<\/p>\n<p><img src=\"http:\/\/asso-osem.fr\/wp-content\/uploads\/2021\/01\/210118_Lucile_Francois-Bonneau-1024x768.jpg\" alt=\"\" loading=\"lazy\" srcset=\"http:\/\/asso-osem.fr\/wp-content\/uploads\/2021\/01\/210118_Lucile_Francois-Bonneau-1024x768.jpg 1024w, http:\/\/asso-osem.fr\/wp-content\/uploads\/2021\/01\/210118_Lucile_Francois-Bonneau-300x225.jpg 300w, http:\/\/asso-osem.fr\/wp-content\/uploads\/2021\/01\/210118_Lucile_Francois-Bonneau-768x576.jpg 768w, http:\/\/asso-osem.fr\/wp-content\/uploads\/2021\/01\/210118_Lucile_Francois-Bonneau-1536x1152.jpg 1536w, http:\/\/asso-osem.fr\/wp-content\/uploads\/2021\/01\/210118_Lucile_Francois-Bonneau-2048x1536.jpg 2048w\" sizes=\"(max-width: 1024px) 100vw, 1024px\" width=\"1024\" height=\"768\"><\/p>\n","protected":false},"excerpt":{"rendered":"<p>Un r\u00e9el plaisir d&rsquo;\u00e9changer avec Fran\u00e7ois Bonneau, Pr\u00e9sident de R\u00e9gion Centre-Val de Loire. A sa demande, une discussion sur les distributions alimentaires et les conditions de vies difficiles de nos \u00e9tudiant\u00b7e\u00b7s, constat\u00e9es par O&rsquo;SEM. Apr\u00e8s la mise \u00e0 disposition, fin novembre, d&rsquo;un budget de 300 000 \u20ac, une journ\u00e9e de rencontre \u00e0 Tours, Blois puis [&hellip;]<\/p>\n","protected":false},"author":2,"featured_media":0,"comment_status":"open","ping_status":"open","sticky":false,"template":"","format":"standard","meta":[],"categories":[9],"tags":[],"_links":{"self":[{"href":"https:\/\/asso-osem.fr\/index.php\/wp-json\/wp\/v2\/posts\/602"}],"collection":[{"href":"https:\/\/asso-osem.fr\/index.php\/wp-json\/wp\/v2\/posts"}],"about":[{"href":"https:\/\/asso-osem.fr\/index.php\/wp-json\/wp\/v2\/types\/post"}],"author":[{"embeddable":true,"href":"https:\/\/asso-osem.fr\/index.php\/wp-json\/wp\/v2\/users\/2"}],"replies":[{"embeddable":true,"href":"https:\/\/asso-osem.fr\/index.php\/wp-json\/wp\/v2\/comments?post=602"}],"version-history":[{"count":9,"href":"https:\/\/asso-osem.fr\/index.php\/wp-json\/wp\/v2\/posts\/602\/revisions"}],"predecessor-version":[{"id":613,"href":"https:\/\/asso-osem.fr\/index.php\/wp-json\/wp\/v2\/posts\/602\/revisions\/613"}],"wp:attachment":[{"href":"https:\/\/asso-osem.fr\/index.php\/wp-json\/wp\/v2\/media?parent=602"}],"wp:term":[{"taxonomy":"category","embeddable":true,"href":"https:\/\/asso-osem.fr\/index.php\/wp-json\/wp\/v2\/categories?post=602"},{"taxonomy":"post_tag","embeddable":true,"href":"https:\/\/asso-osem.fr\/index.php\/wp-json\/wp\/v2\/tags?post=602"}],"curies":[{"name":"wp","href":"https:\/\/api.w.org\/{rel}","templated":true}]}}