{"id":449,"date":"2020-12-24T13:46:00","date_gmt":"2020-12-24T12:46:00","guid":{"rendered":"http:\/\/asso-osem.fr\/?p=449"},"modified":"2021-01-19T19:23:32","modified_gmt":"2021-01-19T18:23:32","slug":"retour-sur-la-distribution-osem-de-mardi-22-decembre","status":"publish","type":"post","link":"https:\/\/asso-osem.fr\/index.php\/2020\/12\/24\/retour-sur-la-distribution-osem-de-mardi-22-decembre\/","title":{"rendered":"Retour sur la distribution O&rsquo;SEM de mardi 22 d\u00e9cembre"},"content":{"rendered":"\t\t<div data-elementor-type=\"wp-post\" data-elementor-id=\"449\" class=\"elementor elementor-449\">\n\t\t\t\t\t\t<div class=\"elementor-inner\">\n\t\t\t\t<div class=\"elementor-section-wrap\">\n\t\t\t\t\t\t\t\t\t<section class=\"elementor-section elementor-top-section elementor-element elementor-element-e99fcfd elementor-section-boxed elementor-section-height-default elementor-section-height-default\" data-id=\"e99fcfd\" data-element_type=\"section\">\n\t\t\t\t\t\t<div class=\"elementor-container elementor-column-gap-default\">\n\t\t\t\t\t\t\t<div class=\"elementor-row\">\n\t\t\t\t\t<div class=\"elementor-column elementor-col-50 elementor-top-column elementor-element elementor-element-76b4daa\" data-id=\"76b4daa\" data-element_type=\"column\">\n\t\t\t<div class=\"elementor-column-wrap elementor-element-populated\">\n\t\t\t\t\t\t\t<div class=\"elementor-widget-wrap\">\n\t\t\t\t\t\t<div class=\"elementor-element elementor-element-a705240 elementor-widget elementor-widget-text-editor\" data-id=\"a705240\" data-element_type=\"widget\" data-widget_type=\"text-editor.default\">\n\t\t\t\t<div class=\"elementor-widget-container\">\n\t\t\t\t\t\t\t\t<div class=\"elementor-text-editor elementor-clearfix\">\n\t\t\t\t<div class=\"\" dir=\"auto\">\n<div id=\"jsc_c_6v\" class=\"ecm0bbzt hv4rvrfc ihqw7lf3 dati1w0a\" data-ad-comet-preview=\"message\" data-ad-preview=\"message\">\n<div class=\"j83agx80 cbu4d94t ew0dbk1b irj2b8pg\">\n<div class=\"qzhwtbm6 knvmm38d\">\n<div class=\"kvgmc6g5 cxmmr5t8 oygrvhab hcukyx3x c1et5uql ii04i59q\">\n<div dir=\"auto\">\n<p>Hier, 222 \u00e9tudiant\u00b7e\u00b7s sont venu\u00b7e\u00b7s \u00e0 la distribution organis\u00e9e par O\u2019SEM. Plusieurs partenaires nous ont aid\u00e9s : <a href=\"https:\/\/www.facebook.com\/Orl%C3%A9ans-Universit%C3%A9-Lions-Club-2296007710624945\/\">Lions Club Orl\u00e9ans Universit\u00e9<\/a> (alimentation et hygi\u00e8ne), Les <a href=\"https:\/\/www.facebook.com\/LMT.orleans\/\">Mains Tendues<\/a> (hygi\u00e8ne), <a href=\"https:\/\/www.facebook.com\/Les-Coeurs-dHerm%C3%A8s-104630101316971\/\">Les C\u0153urs d&rsquo;Herm\u00e8s<\/a> (chocolat, v\u00eatements chauds), <a href=\"https:\/\/www.facebook.com\/lesagriculteursbio45\/\">Les agriculteurs bio du Loiret du GABOR,<\/a> <a href=\"https:\/\/www.facebook.com\/Le-potager-dantan-466869986825769\/\">Le potager d&rsquo;antan<\/a> et <a href=\"https:\/\/www.facebook.com\/Z%C3%A9ro-gaspillage-lassociation-109556577189395\/\">Z\u00e9ro gaspillage<\/a> (l\u00e9gumes et \u0153ufs), <a href=\"https:\/\/www.facebook.com\/Noel-des-Isoles-du-Loiret-1035550906476229\/\">No\u00ebl des Isol\u00e9s du Loiret<\/a>.<\/p>\n<p><a href=\"https:\/\/www.facebook.com\/Maisondesados45\/\">Maison des ados 45<\/a>, sp\u00e9cialis\u00e9e dans l\u2019\u00e9coute des jeunes de 11 \u00e0 25 ans, \u00e9tait pr\u00e9sente, comme toujours.<\/p>\n<\/div>\n<div dir=\"auto\">Retour en images sur ce mardi 22 d\u00e9cembre, sous l\u2019all\u00e9e couverte reliant le bloc amphis de Sciences et l\u2019administration de l\u2019UFR Sciences et techniques (CoST)<\/div>\n<\/div>\n<\/div>\n<\/div>\n<\/div>\n<\/div>\t\t\t\t\t<\/div>\n\t\t\t\t\t\t<\/div>\n\t\t\t\t<\/div>\n\t\t\t\t\t\t<\/div>\n\t\t\t\t\t<\/div>\n\t\t<\/div>\n\t\t\t\t<div class=\"elementor-column elementor-col-50 elementor-top-column elementor-element elementor-element-1e657fd\" data-id=\"1e657fd\" data-element_type=\"column\">\n\t\t\t<div class=\"elementor-column-wrap elementor-element-populated\">\n\t\t\t\t\t\t\t<div class=\"elementor-widget-wrap\">\n\t\t\t\t\t\t<div class=\"elementor-element elementor-element-14bca88 elementor-widget elementor-widget-image\" data-id=\"14bca88\" data-element_type=\"widget\" data-widget_type=\"image.default\">\n\t\t\t\t<div class=\"elementor-widget-container\">\n\t\t\t\t\t\t\t\t<div class=\"elementor-image\">\n\t\t\t\t\t\t\t\t\t<figure class=\"wp-caption\">\n\t\t\t\t\t\t\t\t\t\t<img width=\"768\" height=\"576\" src=\"https:\/\/asso-osem.fr\/wp-content\/uploads\/2020\/12\/00-IMG-20201222-WA0007-768x576.jpg\" class=\"attachment-medium_large size-medium_large wp-image-450\" alt=\"\" loading=\"lazy\" srcset=\"https:\/\/asso-osem.fr\/wp-content\/uploads\/2020\/12\/00-IMG-20201222-WA0007-768x576.jpg 768w, https:\/\/asso-osem.fr\/wp-content\/uploads\/2020\/12\/00-IMG-20201222-WA0007-300x225.jpg 300w, https:\/\/asso-osem.fr\/wp-content\/uploads\/2020\/12\/00-IMG-20201222-WA0007-1024x768.jpg 1024w, https:\/\/asso-osem.fr\/wp-content\/uploads\/2020\/12\/00-IMG-20201222-WA0007-1536x1152.jpg 1536w, https:\/\/asso-osem.fr\/wp-content\/uploads\/2020\/12\/00-IMG-20201222-WA0007.jpg 1600w\" sizes=\"(max-width: 768px) 100vw, 768px\" \/>\t\t\t\t\t\t\t\t\t\t\t<figcaption class=\"widget-image-caption wp-caption-text\">Une fois la distribution commenc\u00e9e, voici comment les choses se passent : les \u00e9tudiant\u00b7e\u00b7s progressent de table en table et se voient proposer les produits... De face, vous voyez 3 b\u00e9n\u00e9voles du Lions Club Orl\u00e9ans-Universit\u00e9,  partenaire sur ce dispositif, en train de proposer puis distribuer les fruits et l\u00e9gumes des agriculteurs bio du Loiret (GABOR 45).<\/figcaption>\n\t\t\t\t\t\t\t\t\t\t<\/figure>\n\t\t\t\t\t\t\t\t<\/div>\n\t\t\t\t\t\t<\/div>\n\t\t\t\t<\/div>\n\t\t\t\t\t\t<\/div>\n\t\t\t\t\t<\/div>\n\t\t<\/div>\n\t\t\t\t\t\t\t\t<\/div>\n\t\t\t\t\t<\/div>\n\t\t<\/section>\n\t\t\t\t<section class=\"elementor-section elementor-top-section elementor-element elementor-element-66cdd36 elementor-section-boxed elementor-section-height-default elementor-section-height-default\" data-id=\"66cdd36\" data-element_type=\"section\">\n\t\t\t\t\t\t<div class=\"elementor-container elementor-column-gap-default\">\n\t\t\t\t\t\t\t<div class=\"elementor-row\">\n\t\t\t\t\t<div class=\"elementor-column elementor-col-33 elementor-top-column elementor-element elementor-element-92801e7\" data-id=\"92801e7\" data-element_type=\"column\">\n\t\t\t<div class=\"elementor-column-wrap elementor-element-populated\">\n\t\t\t\t\t\t\t<div class=\"elementor-widget-wrap\">\n\t\t\t\t\t\t<div class=\"elementor-element elementor-element-0ba333d elementor-widget elementor-widget-image\" data-id=\"0ba333d\" data-element_type=\"widget\" data-widget_type=\"image.default\">\n\t\t\t\t<div class=\"elementor-widget-container\">\n\t\t\t\t\t\t\t\t<div class=\"elementor-image\">\n\t\t\t\t\t\t\t\t\t\t\t\t<img width=\"225\" height=\"300\" src=\"https:\/\/asso-osem.fr\/wp-content\/uploads\/2020\/12\/01-IMG-20201222-WA0013-225x300.jpg\" class=\"attachment-medium size-medium wp-image-451\" alt=\"\" loading=\"lazy\" srcset=\"https:\/\/asso-osem.fr\/wp-content\/uploads\/2020\/12\/01-IMG-20201222-WA0013-225x300.jpg 225w, https:\/\/asso-osem.fr\/wp-content\/uploads\/2020\/12\/01-IMG-20201222-WA0013-768x1024.jpg 768w, https:\/\/asso-osem.fr\/wp-content\/uploads\/2020\/12\/01-IMG-20201222-WA0013-1152x1536.jpg 1152w, https:\/\/asso-osem.fr\/wp-content\/uploads\/2020\/12\/01-IMG-20201222-WA0013.jpg 1200w\" sizes=\"(max-width: 225px) 100vw, 225px\" \/>\t\t\t\t\t\t\t\t\t\t\t\t\t\t<\/div>\n\t\t\t\t\t\t<\/div>\n\t\t\t\t<\/div>\n\t\t\t\t\t\t<\/div>\n\t\t\t\t\t<\/div>\n\t\t<\/div>\n\t\t\t\t<div class=\"elementor-column elementor-col-33 elementor-top-column elementor-element elementor-element-e1dc403\" data-id=\"e1dc403\" data-element_type=\"column\">\n\t\t\t<div class=\"elementor-column-wrap elementor-element-populated\">\n\t\t\t\t\t\t\t<div class=\"elementor-widget-wrap\">\n\t\t\t\t\t\t<div class=\"elementor-element elementor-element-bf9e95a elementor-widget elementor-widget-image\" data-id=\"bf9e95a\" data-element_type=\"widget\" data-widget_type=\"image.default\">\n\t\t\t\t<div class=\"elementor-widget-container\">\n\t\t\t\t\t\t\t\t<div class=\"elementor-image\">\n\t\t\t\t\t\t\t\t\t<figure class=\"wp-caption\">\n\t\t\t\t\t\t\t\t\t\t<img width=\"1024\" height=\"768\" src=\"https:\/\/asso-osem.fr\/wp-content\/uploads\/2020\/12\/02-IMG-20201222-WA0011-1024x768.jpg\" class=\"attachment-large size-large wp-image-452\" alt=\"\" loading=\"lazy\" srcset=\"https:\/\/asso-osem.fr\/wp-content\/uploads\/2020\/12\/02-IMG-20201222-WA0011-1024x768.jpg 1024w, https:\/\/asso-osem.fr\/wp-content\/uploads\/2020\/12\/02-IMG-20201222-WA0011-300x225.jpg 300w, https:\/\/asso-osem.fr\/wp-content\/uploads\/2020\/12\/02-IMG-20201222-WA0011-768x576.jpg 768w, https:\/\/asso-osem.fr\/wp-content\/uploads\/2020\/12\/02-IMG-20201222-WA0011-1536x1152.jpg 1536w, https:\/\/asso-osem.fr\/wp-content\/uploads\/2020\/12\/02-IMG-20201222-WA0011.jpg 1600w\" sizes=\"(max-width: 1024px) 100vw, 1024px\" \/>\t\t\t\t\t\t\t\t\t\t\t<figcaption class=\"widget-image-caption wp-caption-text\">Pour que cela fonctionne le jour J, les jours pr\u00e9c\u00e9dents et en fin de matin\u00e9e, nous avions r\u00e9ceptionn\u00e9 les l\u00e9gumes des agriculteurs et agricultrices ayant r\u00e9pondu \u00e0 l'appel du GABOR 45<\/figcaption>\n\t\t\t\t\t\t\t\t\t\t<\/figure>\n\t\t\t\t\t\t\t\t<\/div>\n\t\t\t\t\t\t<\/div>\n\t\t\t\t<\/div>\n\t\t\t\t\t\t<\/div>\n\t\t\t\t\t<\/div>\n\t\t<\/div>\n\t\t\t\t<div class=\"elementor-column elementor-col-33 elementor-top-column elementor-element elementor-element-0e8e1a0\" data-id=\"0e8e1a0\" data-element_type=\"column\">\n\t\t\t<div class=\"elementor-column-wrap elementor-element-populated\">\n\t\t\t\t\t\t\t<div class=\"elementor-widget-wrap\">\n\t\t\t\t\t\t<div class=\"elementor-element elementor-element-0225c25 elementor-widget elementor-widget-image\" data-id=\"0225c25\" data-element_type=\"widget\" data-widget_type=\"image.default\">\n\t\t\t\t<div class=\"elementor-widget-container\">\n\t\t\t\t\t\t\t\t<div class=\"elementor-image\">\n\t\t\t\t\t\t\t\t\t\t\t\t<img width=\"225\" height=\"300\" src=\"https:\/\/asso-osem.fr\/wp-content\/uploads\/2020\/12\/03-IMG-20201222-WA0012-225x300.jpg\" class=\"attachment-medium size-medium wp-image-453\" alt=\"\" loading=\"lazy\" srcset=\"https:\/\/asso-osem.fr\/wp-content\/uploads\/2020\/12\/03-IMG-20201222-WA0012-225x300.jpg 225w, https:\/\/asso-osem.fr\/wp-content\/uploads\/2020\/12\/03-IMG-20201222-WA0012-768x1024.jpg 768w, https:\/\/asso-osem.fr\/wp-content\/uploads\/2020\/12\/03-IMG-20201222-WA0012-1152x1536.jpg 1152w, https:\/\/asso-osem.fr\/wp-content\/uploads\/2020\/12\/03-IMG-20201222-WA0012.jpg 1200w\" sizes=\"(max-width: 225px) 100vw, 225px\" \/>\t\t\t\t\t\t\t\t\t\t\t\t\t\t<\/div>\n\t\t\t\t\t\t<\/div>\n\t\t\t\t<\/div>\n\t\t\t\t\t\t<\/div>\n\t\t\t\t\t<\/div>\n\t\t<\/div>\n\t\t\t\t\t\t\t\t<\/div>\n\t\t\t\t\t<\/div>\n\t\t<\/section>\n\t\t\t\t<section class=\"elementor-section elementor-top-section elementor-element elementor-element-e9faf87 elementor-section-boxed elementor-section-height-default elementor-section-height-default\" data-id=\"e9faf87\" data-element_type=\"section\">\n\t\t\t\t\t\t<div class=\"elementor-container elementor-column-gap-default\">\n\t\t\t\t\t\t\t<div class=\"elementor-row\">\n\t\t\t\t\t<div class=\"elementor-column elementor-col-25 elementor-top-column elementor-element elementor-element-2121446\" data-id=\"2121446\" data-element_type=\"column\">\n\t\t\t<div class=\"elementor-column-wrap elementor-element-populated\">\n\t\t\t\t\t\t\t<div class=\"elementor-widget-wrap\">\n\t\t\t\t\t\t<div class=\"elementor-element elementor-element-a7a7f6c elementor-widget elementor-widget-image\" data-id=\"a7a7f6c\" data-element_type=\"widget\" data-widget_type=\"image.default\">\n\t\t\t\t<div class=\"elementor-widget-container\">\n\t\t\t\t\t\t\t\t<div class=\"elementor-image\">\n\t\t\t\t\t\t\t\t\t<figure class=\"wp-caption\">\n\t\t\t\t\t\t\t\t\t\t<img width=\"225\" height=\"300\" src=\"https:\/\/asso-osem.fr\/wp-content\/uploads\/2020\/12\/07-IMG-20201222-WA0006-225x300.jpg\" class=\"attachment-medium size-medium wp-image-457\" alt=\"\" loading=\"lazy\" srcset=\"https:\/\/asso-osem.fr\/wp-content\/uploads\/2020\/12\/07-IMG-20201222-WA0006-225x300.jpg 225w, https:\/\/asso-osem.fr\/wp-content\/uploads\/2020\/12\/07-IMG-20201222-WA0006-768x1024.jpg 768w, https:\/\/asso-osem.fr\/wp-content\/uploads\/2020\/12\/07-IMG-20201222-WA0006-1152x1536.jpg 1152w, https:\/\/asso-osem.fr\/wp-content\/uploads\/2020\/12\/07-IMG-20201222-WA0006.jpg 1200w\" sizes=\"(max-width: 225px) 100vw, 225px\" \/>\t\t\t\t\t\t\t\t\t\t\t<figcaption class=\"widget-image-caption wp-caption-text\">Merci pour votre g\u00e9n\u00e9rosit\u00e9 ! Pommes de terre (quasi 1 tonne !), <\/figcaption>\n\t\t\t\t\t\t\t\t\t\t<\/figure>\n\t\t\t\t\t\t\t\t<\/div>\n\t\t\t\t\t\t<\/div>\n\t\t\t\t<\/div>\n\t\t\t\t\t\t<\/div>\n\t\t\t\t\t<\/div>\n\t\t<\/div>\n\t\t\t\t<div class=\"elementor-column elementor-col-25 elementor-top-column elementor-element elementor-element-79b93bf\" data-id=\"79b93bf\" data-element_type=\"column\">\n\t\t\t<div class=\"elementor-column-wrap elementor-element-populated\">\n\t\t\t\t\t\t\t<div class=\"elementor-widget-wrap\">\n\t\t\t\t\t\t<div class=\"elementor-element elementor-element-98abc0d elementor-widget elementor-widget-image\" data-id=\"98abc0d\" data-element_type=\"widget\" data-widget_type=\"image.default\">\n\t\t\t\t<div class=\"elementor-widget-container\">\n\t\t\t\t\t\t\t\t<div class=\"elementor-image\">\n\t\t\t\t\t\t\t\t\t<figure class=\"wp-caption\">\n\t\t\t\t\t\t\t\t\t\t<img width=\"225\" height=\"300\" src=\"https:\/\/asso-osem.fr\/wp-content\/uploads\/2020\/12\/06-IMG-20201222-WA0010-225x300.jpg\" class=\"attachment-medium size-medium wp-image-456\" alt=\"\" loading=\"lazy\" srcset=\"https:\/\/asso-osem.fr\/wp-content\/uploads\/2020\/12\/06-IMG-20201222-WA0010-225x300.jpg 225w, https:\/\/asso-osem.fr\/wp-content\/uploads\/2020\/12\/06-IMG-20201222-WA0010-768x1024.jpg 768w, https:\/\/asso-osem.fr\/wp-content\/uploads\/2020\/12\/06-IMG-20201222-WA0010-1152x1536.jpg 1152w, https:\/\/asso-osem.fr\/wp-content\/uploads\/2020\/12\/06-IMG-20201222-WA0010.jpg 1200w\" sizes=\"(max-width: 225px) 100vw, 225px\" \/>\t\t\t\t\t\t\t\t\t\t\t<figcaption class=\"widget-image-caption wp-caption-text\">...carottes, navets, radis noirs...., pommes,...<\/figcaption>\n\t\t\t\t\t\t\t\t\t\t<\/figure>\n\t\t\t\t\t\t\t\t<\/div>\n\t\t\t\t\t\t<\/div>\n\t\t\t\t<\/div>\n\t\t\t\t\t\t<\/div>\n\t\t\t\t\t<\/div>\n\t\t<\/div>\n\t\t\t\t<div class=\"elementor-column elementor-col-25 elementor-top-column elementor-element elementor-element-0e249e5\" data-id=\"0e249e5\" data-element_type=\"column\">\n\t\t\t<div class=\"elementor-column-wrap elementor-element-populated\">\n\t\t\t\t\t\t\t<div class=\"elementor-widget-wrap\">\n\t\t\t\t\t\t<div class=\"elementor-element elementor-element-a3234c5 elementor-widget elementor-widget-image\" data-id=\"a3234c5\" data-element_type=\"widget\" data-widget_type=\"image.default\">\n\t\t\t\t<div class=\"elementor-widget-container\">\n\t\t\t\t\t\t\t\t<div class=\"elementor-image\">\n\t\t\t\t\t\t\t\t\t<figure class=\"wp-caption\">\n\t\t\t\t\t\t\t\t\t\t<img width=\"225\" height=\"300\" src=\"https:\/\/asso-osem.fr\/wp-content\/uploads\/2020\/12\/05-IMG-20201222-WA0008-225x300.jpg\" class=\"attachment-medium size-medium wp-image-455\" alt=\"\" loading=\"lazy\" srcset=\"https:\/\/asso-osem.fr\/wp-content\/uploads\/2020\/12\/05-IMG-20201222-WA0008-225x300.jpg 225w, https:\/\/asso-osem.fr\/wp-content\/uploads\/2020\/12\/05-IMG-20201222-WA0008-768x1024.jpg 768w, https:\/\/asso-osem.fr\/wp-content\/uploads\/2020\/12\/05-IMG-20201222-WA0008-1152x1536.jpg 1152w, https:\/\/asso-osem.fr\/wp-content\/uploads\/2020\/12\/05-IMG-20201222-WA0008.jpg 1200w\" sizes=\"(max-width: 225px) 100vw, 225px\" \/>\t\t\t\t\t\t\t\t\t\t\t<figcaption class=\"widget-image-caption wp-caption-text\">... courges de diff\u00e9rentes vari\u00e9t\u00e9s, oignons...<\/figcaption>\n\t\t\t\t\t\t\t\t\t\t<\/figure>\n\t\t\t\t\t\t\t\t<\/div>\n\t\t\t\t\t\t<\/div>\n\t\t\t\t<\/div>\n\t\t\t\t\t\t<\/div>\n\t\t\t\t\t<\/div>\n\t\t<\/div>\n\t\t\t\t<div class=\"elementor-column elementor-col-25 elementor-top-column elementor-element elementor-element-9d76842\" data-id=\"9d76842\" data-element_type=\"column\">\n\t\t\t<div class=\"elementor-column-wrap elementor-element-populated\">\n\t\t\t\t\t\t\t<div class=\"elementor-widget-wrap\">\n\t\t\t\t\t\t<div class=\"elementor-element elementor-element-bea7e6a elementor-widget elementor-widget-image\" data-id=\"bea7e6a\" data-element_type=\"widget\" data-widget_type=\"image.default\">\n\t\t\t\t<div class=\"elementor-widget-container\">\n\t\t\t\t\t\t\t\t<div class=\"elementor-image\">\n\t\t\t\t\t\t\t\t\t<figure class=\"wp-caption\">\n\t\t\t\t\t\t\t\t\t\t<img width=\"225\" height=\"300\" src=\"https:\/\/asso-osem.fr\/wp-content\/uploads\/2020\/12\/04-IMG-20201222-WA0009-225x300.jpg\" class=\"attachment-medium size-medium wp-image-454\" alt=\"\" loading=\"lazy\" srcset=\"https:\/\/asso-osem.fr\/wp-content\/uploads\/2020\/12\/04-IMG-20201222-WA0009-225x300.jpg 225w, https:\/\/asso-osem.fr\/wp-content\/uploads\/2020\/12\/04-IMG-20201222-WA0009-768x1024.jpg 768w, https:\/\/asso-osem.fr\/wp-content\/uploads\/2020\/12\/04-IMG-20201222-WA0009-1152x1536.jpg 1152w, https:\/\/asso-osem.fr\/wp-content\/uploads\/2020\/12\/04-IMG-20201222-WA0009.jpg 1200w\" sizes=\"(max-width: 225px) 100vw, 225px\" \/>\t\t\t\t\t\t\t\t\t\t\t<figcaption class=\"widget-image-caption wp-caption-text\">...radis roses, m\u00e2che... !<\/figcaption>\n\t\t\t\t\t\t\t\t\t\t<\/figure>\n\t\t\t\t\t\t\t\t<\/div>\n\t\t\t\t\t\t<\/div>\n\t\t\t\t<\/div>\n\t\t\t\t\t\t<\/div>\n\t\t\t\t\t<\/div>\n\t\t<\/div>\n\t\t\t\t\t\t\t\t<\/div>\n\t\t\t\t\t<\/div>\n\t\t<\/section>\n\t\t\t\t<section class=\"elementor-section elementor-top-section elementor-element elementor-element-2b24e93 elementor-section-boxed elementor-section-height-default elementor-section-height-default\" data-id=\"2b24e93\" data-element_type=\"section\">\n\t\t\t\t\t\t<div class=\"elementor-container elementor-column-gap-default\">\n\t\t\t\t\t\t\t<div class=\"elementor-row\">\n\t\t\t\t\t<div class=\"elementor-column elementor-col-25 elementor-top-column elementor-element elementor-element-690fa5e\" data-id=\"690fa5e\" data-element_type=\"column\">\n\t\t\t<div class=\"elementor-column-wrap elementor-element-populated\">\n\t\t\t\t\t\t\t<div class=\"elementor-widget-wrap\">\n\t\t\t\t\t\t<div class=\"elementor-element elementor-element-aa8ca0e elementor-widget elementor-widget-image\" data-id=\"aa8ca0e\" data-element_type=\"widget\" data-widget_type=\"image.default\">\n\t\t\t\t<div class=\"elementor-widget-container\">\n\t\t\t\t\t\t\t\t<div class=\"elementor-image\">\n\t\t\t\t\t\t\t\t\t<figure class=\"wp-caption\">\n\t\t\t\t\t\t\t\t\t\t<img width=\"225\" height=\"300\" src=\"https:\/\/asso-osem.fr\/wp-content\/uploads\/2020\/12\/07-IMG-20201222-WA0006-225x300.jpg\" class=\"attachment-medium size-medium wp-image-457\" alt=\"\" loading=\"lazy\" srcset=\"https:\/\/asso-osem.fr\/wp-content\/uploads\/2020\/12\/07-IMG-20201222-WA0006-225x300.jpg 225w, https:\/\/asso-osem.fr\/wp-content\/uploads\/2020\/12\/07-IMG-20201222-WA0006-768x1024.jpg 768w, https:\/\/asso-osem.fr\/wp-content\/uploads\/2020\/12\/07-IMG-20201222-WA0006-1152x1536.jpg 1152w, https:\/\/asso-osem.fr\/wp-content\/uploads\/2020\/12\/07-IMG-20201222-WA0006.jpg 1200w\" sizes=\"(max-width: 225px) 100vw, 225px\" \/>\t\t\t\t\t\t\t\t\t\t\t<figcaption class=\"widget-image-caption wp-caption-text\">Nos ami\u00b7e\u00b7s du Lions Club  Orl\u00e9ans-Universit\u00e9 prennent place pour la distribution. Un grand merci \u00e0 eux !<\/figcaption>\n\t\t\t\t\t\t\t\t\t\t<\/figure>\n\t\t\t\t\t\t\t\t<\/div>\n\t\t\t\t\t\t<\/div>\n\t\t\t\t<\/div>\n\t\t\t\t\t\t<\/div>\n\t\t\t\t\t<\/div>\n\t\t<\/div>\n\t\t\t\t<div class=\"elementor-column elementor-col-25 elementor-top-column elementor-element elementor-element-dee041c\" data-id=\"dee041c\" data-element_type=\"column\">\n\t\t\t<div class=\"elementor-column-wrap elementor-element-populated\">\n\t\t\t\t\t\t\t<div class=\"elementor-widget-wrap\">\n\t\t\t\t\t\t<div class=\"elementor-element elementor-element-d6e1971 elementor-widget elementor-widget-image\" data-id=\"d6e1971\" data-element_type=\"widget\" data-widget_type=\"image.default\">\n\t\t\t\t<div class=\"elementor-widget-container\">\n\t\t\t\t\t\t\t\t<div class=\"elementor-image\">\n\t\t\t\t\t\t\t\t\t<figure class=\"wp-caption\">\n\t\t\t\t\t\t\t\t\t\t<img width=\"225\" height=\"300\" src=\"https:\/\/asso-osem.fr\/wp-content\/uploads\/2020\/12\/08-IMG_20201222_141422-225x300.jpg\" class=\"attachment-medium size-medium wp-image-458\" alt=\"\" loading=\"lazy\" srcset=\"https:\/\/asso-osem.fr\/wp-content\/uploads\/2020\/12\/08-IMG_20201222_141422-225x300.jpg 225w, https:\/\/asso-osem.fr\/wp-content\/uploads\/2020\/12\/08-IMG_20201222_141422-768x1024.jpg 768w, https:\/\/asso-osem.fr\/wp-content\/uploads\/2020\/12\/08-IMG_20201222_141422-1152x1536.jpg 1152w, https:\/\/asso-osem.fr\/wp-content\/uploads\/2020\/12\/08-IMG_20201222_141422-1536x2048.jpg 1536w, https:\/\/asso-osem.fr\/wp-content\/uploads\/2020\/12\/08-IMG_20201222_141422-scaled.jpg 1920w\" sizes=\"(max-width: 225px) 100vw, 225px\" \/>\t\t\t\t\t\t\t\t\t\t\t<figcaption class=\"widget-image-caption wp-caption-text\">Une fois leur voiture charg\u00e9e de produits non p\u00e9rissables, puis d\u00e9charg\u00e9e au CoST, pause de J\u00e9r\u00e9my Jacob, membre du bureau d'O'SEM, et Fr\u00e9d\u00e9ric Moal.<\/figcaption>\n\t\t\t\t\t\t\t\t\t\t<\/figure>\n\t\t\t\t\t\t\t\t<\/div>\n\t\t\t\t\t\t<\/div>\n\t\t\t\t<\/div>\n\t\t\t\t\t\t<\/div>\n\t\t\t\t\t<\/div>\n\t\t<\/div>\n\t\t\t\t<div class=\"elementor-column elementor-col-25 elementor-top-column elementor-element elementor-element-5bf1d34\" data-id=\"5bf1d34\" data-element_type=\"column\">\n\t\t\t<div class=\"elementor-column-wrap elementor-element-populated\">\n\t\t\t\t\t\t\t<div class=\"elementor-widget-wrap\">\n\t\t\t\t\t\t<div class=\"elementor-element elementor-element-26dfd78 elementor-widget elementor-widget-image\" data-id=\"26dfd78\" data-element_type=\"widget\" data-widget_type=\"image.default\">\n\t\t\t\t<div class=\"elementor-widget-container\">\n\t\t\t\t\t\t\t\t<div class=\"elementor-image\">\n\t\t\t\t\t\t\t\t\t<figure class=\"wp-caption\">\n\t\t\t\t\t\t\t\t\t\t<img width=\"225\" height=\"300\" src=\"https:\/\/asso-osem.fr\/wp-content\/uploads\/2020\/12\/09-IMG_20201222_150806-225x300.jpg\" class=\"attachment-medium size-medium wp-image-459\" alt=\"\" loading=\"lazy\" srcset=\"https:\/\/asso-osem.fr\/wp-content\/uploads\/2020\/12\/09-IMG_20201222_150806-225x300.jpg 225w, https:\/\/asso-osem.fr\/wp-content\/uploads\/2020\/12\/09-IMG_20201222_150806-768x1024.jpg 768w, https:\/\/asso-osem.fr\/wp-content\/uploads\/2020\/12\/09-IMG_20201222_150806-1152x1536.jpg 1152w, https:\/\/asso-osem.fr\/wp-content\/uploads\/2020\/12\/09-IMG_20201222_150806-1536x2048.jpg 1536w, https:\/\/asso-osem.fr\/wp-content\/uploads\/2020\/12\/09-IMG_20201222_150806-scaled.jpg 1920w\" sizes=\"(max-width: 225px) 100vw, 225px\" \/>\t\t\t\t\t\t\t\t\t\t\t<figcaption class=\"widget-image-caption wp-caption-text\">Derni\u00e8res mises en place avant 14 h<\/figcaption>\n\t\t\t\t\t\t\t\t\t\t<\/figure>\n\t\t\t\t\t\t\t\t<\/div>\n\t\t\t\t\t\t<\/div>\n\t\t\t\t<\/div>\n\t\t\t\t\t\t<\/div>\n\t\t\t\t\t<\/div>\n\t\t<\/div>\n\t\t\t\t<div class=\"elementor-column elementor-col-25 elementor-top-column elementor-element elementor-element-8396e3e\" data-id=\"8396e3e\" data-element_type=\"column\">\n\t\t\t<div class=\"elementor-column-wrap elementor-element-populated\">\n\t\t\t\t\t\t\t<div class=\"elementor-widget-wrap\">\n\t\t\t\t\t\t<div class=\"elementor-element elementor-element-2a60b08 elementor-widget elementor-widget-image\" data-id=\"2a60b08\" data-element_type=\"widget\" data-widget_type=\"image.default\">\n\t\t\t\t<div class=\"elementor-widget-container\">\n\t\t\t\t\t\t\t\t<div class=\"elementor-image\">\n\t\t\t\t\t\t\t\t\t<figure class=\"wp-caption\">\n\t\t\t\t\t\t\t\t\t\t<img width=\"225\" height=\"300\" src=\"https:\/\/asso-osem.fr\/wp-content\/uploads\/2020\/12\/10-IMG_20201222_151709-225x300.jpg\" class=\"attachment-medium size-medium wp-image-460\" alt=\"\" loading=\"lazy\" srcset=\"https:\/\/asso-osem.fr\/wp-content\/uploads\/2020\/12\/10-IMG_20201222_151709-225x300.jpg 225w, https:\/\/asso-osem.fr\/wp-content\/uploads\/2020\/12\/10-IMG_20201222_151709-768x1024.jpg 768w, https:\/\/asso-osem.fr\/wp-content\/uploads\/2020\/12\/10-IMG_20201222_151709-1152x1536.jpg 1152w, https:\/\/asso-osem.fr\/wp-content\/uploads\/2020\/12\/10-IMG_20201222_151709-1536x2048.jpg 1536w, https:\/\/asso-osem.fr\/wp-content\/uploads\/2020\/12\/10-IMG_20201222_151709-scaled.jpg 1920w\" sizes=\"(max-width: 225px) 100vw, 225px\" \/>\t\t\t\t\t\t\t\t\t\t\t<figcaption class=\"widget-image-caption wp-caption-text\">Les \u00e9tudiant\u00b7e\u00b7s, abrit\u00e9\u00b7e\u00b7s sous l'all\u00e9e couverte, attendent. 222 personnes, cela veut dire que pendant 2 h, l'all\u00e9e a \u00e9t\u00e9 remplie de monde, jusqu'au bloc amphi.<\/figcaption>\n\t\t\t\t\t\t\t\t\t\t<\/figure>\n\t\t\t\t\t\t\t\t<\/div>\n\t\t\t\t\t\t<\/div>\n\t\t\t\t<\/div>\n\t\t\t\t\t\t<\/div>\n\t\t\t\t\t<\/div>\n\t\t<\/div>\n\t\t\t\t\t\t\t\t<\/div>\n\t\t\t\t\t<\/div>\n\t\t<\/section>\n\t\t\t\t<section class=\"elementor-section elementor-top-section elementor-element elementor-element-85449b7 elementor-section-boxed elementor-section-height-default elementor-section-height-default\" data-id=\"85449b7\" data-element_type=\"section\">\n\t\t\t\t\t\t<div class=\"elementor-container elementor-column-gap-default\">\n\t\t\t\t\t\t\t<div class=\"elementor-row\">\n\t\t\t\t\t<div class=\"elementor-column elementor-col-25 elementor-top-column elementor-element elementor-element-5d5daae\" data-id=\"5d5daae\" data-element_type=\"column\">\n\t\t\t<div class=\"elementor-column-wrap elementor-element-populated\">\n\t\t\t\t\t\t\t<div class=\"elementor-widget-wrap\">\n\t\t\t\t\t\t<div class=\"elementor-element elementor-element-91737d7 elementor-widget elementor-widget-image\" data-id=\"91737d7\" data-element_type=\"widget\" data-widget_type=\"image.default\">\n\t\t\t\t<div class=\"elementor-widget-container\">\n\t\t\t\t\t\t\t\t<div class=\"elementor-image\">\n\t\t\t\t\t\t\t\t\t<figure class=\"wp-caption\">\n\t\t\t\t\t\t\t\t\t\t<img width=\"300\" height=\"225\" src=\"https:\/\/asso-osem.fr\/wp-content\/uploads\/2020\/12\/11-IMG_20201222_150908-300x225.jpg\" class=\"attachment-medium size-medium wp-image-461\" alt=\"\" loading=\"lazy\" srcset=\"https:\/\/asso-osem.fr\/wp-content\/uploads\/2020\/12\/11-IMG_20201222_150908-300x225.jpg 300w, https:\/\/asso-osem.fr\/wp-content\/uploads\/2020\/12\/11-IMG_20201222_150908-1024x768.jpg 1024w, https:\/\/asso-osem.fr\/wp-content\/uploads\/2020\/12\/11-IMG_20201222_150908-768x576.jpg 768w, https:\/\/asso-osem.fr\/wp-content\/uploads\/2020\/12\/11-IMG_20201222_150908-1536x1152.jpg 1536w, https:\/\/asso-osem.fr\/wp-content\/uploads\/2020\/12\/11-IMG_20201222_150908-2048x1536.jpg 2048w\" sizes=\"(max-width: 300px) 100vw, 300px\" \/>\t\t\t\t\t\t\t\t\t\t\t<figcaption class=\"widget-image-caption wp-caption-text\">Les premi\u00e8res personnes crois\u00e9es par les jeunes sont toujours Richard Bouceffa et Griffin St-Onge, b\u00e9n\u00e9voles et parrain-marraine d'O'SEM.<\/figcaption>\n\t\t\t\t\t\t\t\t\t\t<\/figure>\n\t\t\t\t\t\t\t\t<\/div>\n\t\t\t\t\t\t<\/div>\n\t\t\t\t<\/div>\n\t\t\t\t\t\t<\/div>\n\t\t\t\t\t<\/div>\n\t\t<\/div>\n\t\t\t\t<div class=\"elementor-column elementor-col-25 elementor-top-column elementor-element elementor-element-347ecb0\" data-id=\"347ecb0\" data-element_type=\"column\">\n\t\t\t<div class=\"elementor-column-wrap elementor-element-populated\">\n\t\t\t\t\t\t\t<div class=\"elementor-widget-wrap\">\n\t\t\t\t\t\t<div class=\"elementor-element elementor-element-300e463 elementor-widget elementor-widget-image\" data-id=\"300e463\" data-element_type=\"widget\" data-widget_type=\"image.default\">\n\t\t\t\t<div class=\"elementor-widget-container\">\n\t\t\t\t\t\t\t\t<div class=\"elementor-image\">\n\t\t\t\t\t\t\t\t\t<figure class=\"wp-caption\">\n\t\t\t\t\t\t\t\t\t\t<img width=\"300\" height=\"225\" src=\"https:\/\/asso-osem.fr\/wp-content\/uploads\/2020\/12\/12-IMG_20201222_135629-300x225.jpg\" class=\"attachment-medium size-medium wp-image-462\" alt=\"\" loading=\"lazy\" srcset=\"https:\/\/asso-osem.fr\/wp-content\/uploads\/2020\/12\/12-IMG_20201222_135629-300x225.jpg 300w, https:\/\/asso-osem.fr\/wp-content\/uploads\/2020\/12\/12-IMG_20201222_135629-1024x768.jpg 1024w, https:\/\/asso-osem.fr\/wp-content\/uploads\/2020\/12\/12-IMG_20201222_135629-768x576.jpg 768w, https:\/\/asso-osem.fr\/wp-content\/uploads\/2020\/12\/12-IMG_20201222_135629-1536x1152.jpg 1536w, https:\/\/asso-osem.fr\/wp-content\/uploads\/2020\/12\/12-IMG_20201222_135629-2048x1536.jpg 2048w\" sizes=\"(max-width: 300px) 100vw, 300px\" \/>\t\t\t\t\t\t\t\t\t\t\t<figcaption class=\"widget-image-caption wp-caption-text\">L'association \"No\u00ebl des Isol\u00e9s\" du Loiret nous a pr\u00eat\u00e9 main-forte. Lait, 4 \u00e0 6 yaourts et compotes !<\/figcaption>\n\t\t\t\t\t\t\t\t\t\t<\/figure>\n\t\t\t\t\t\t\t\t<\/div>\n\t\t\t\t\t\t<\/div>\n\t\t\t\t<\/div>\n\t\t\t\t\t\t<\/div>\n\t\t\t\t\t<\/div>\n\t\t<\/div>\n\t\t\t\t<div class=\"elementor-column elementor-col-25 elementor-top-column elementor-element elementor-element-44b3231\" data-id=\"44b3231\" data-element_type=\"column\">\n\t\t\t<div class=\"elementor-column-wrap elementor-element-populated\">\n\t\t\t\t\t\t\t<div class=\"elementor-widget-wrap\">\n\t\t\t\t\t\t<div class=\"elementor-element elementor-element-f2d374b elementor-widget elementor-widget-image\" data-id=\"f2d374b\" data-element_type=\"widget\" data-widget_type=\"image.default\">\n\t\t\t\t<div class=\"elementor-widget-container\">\n\t\t\t\t\t\t\t\t<div class=\"elementor-image\">\n\t\t\t\t\t\t\t\t\t<figure class=\"wp-caption\">\n\t\t\t\t\t\t\t\t\t\t<img width=\"300\" height=\"225\" src=\"https:\/\/asso-osem.fr\/wp-content\/uploads\/2020\/12\/13-IMG_20201222_135858-300x225.jpg\" class=\"attachment-medium size-medium wp-image-463\" alt=\"\" loading=\"lazy\" srcset=\"https:\/\/asso-osem.fr\/wp-content\/uploads\/2020\/12\/13-IMG_20201222_135858-300x225.jpg 300w, https:\/\/asso-osem.fr\/wp-content\/uploads\/2020\/12\/13-IMG_20201222_135858-1024x768.jpg 1024w, https:\/\/asso-osem.fr\/wp-content\/uploads\/2020\/12\/13-IMG_20201222_135858-768x576.jpg 768w, https:\/\/asso-osem.fr\/wp-content\/uploads\/2020\/12\/13-IMG_20201222_135858-1536x1152.jpg 1536w, https:\/\/asso-osem.fr\/wp-content\/uploads\/2020\/12\/13-IMG_20201222_135858-2048x1536.jpg 2048w\" sizes=\"(max-width: 300px) 100vw, 300px\" \/>\t\t\t\t\t\t\t\t\t\t\t<figcaption class=\"widget-image-caption wp-caption-text\">Les  \u00e9tudiant\u00b7e\u00b7s b\u00e9n\u00e9voles de l'Unef Orl\u00e9ans, \u00e0 la distribution de soupe, sel\/poivre, th\u00e9\/chocolat et beurre.<\/figcaption>\n\t\t\t\t\t\t\t\t\t\t<\/figure>\n\t\t\t\t\t\t\t\t<\/div>\n\t\t\t\t\t\t<\/div>\n\t\t\t\t<\/div>\n\t\t\t\t\t\t<\/div>\n\t\t\t\t\t<\/div>\n\t\t<\/div>\n\t\t\t\t<div class=\"elementor-column elementor-col-25 elementor-top-column elementor-element elementor-element-ee20bca\" data-id=\"ee20bca\" data-element_type=\"column\">\n\t\t\t<div class=\"elementor-column-wrap elementor-element-populated\">\n\t\t\t\t\t\t\t<div class=\"elementor-widget-wrap\">\n\t\t\t\t\t\t<div class=\"elementor-element elementor-element-ecdede6 elementor-widget elementor-widget-image\" data-id=\"ecdede6\" data-element_type=\"widget\" data-widget_type=\"image.default\">\n\t\t\t\t<div class=\"elementor-widget-container\">\n\t\t\t\t\t\t\t\t<div class=\"elementor-image\">\n\t\t\t\t\t\t\t\t\t<figure class=\"wp-caption\">\n\t\t\t\t\t\t\t\t\t\t<img width=\"1024\" height=\"768\" src=\"https:\/\/asso-osem.fr\/wp-content\/uploads\/2020\/12\/15-IMG_20201222_140047-1024x768.jpg\" class=\"attachment-large size-large wp-image-465\" alt=\"\" loading=\"lazy\" srcset=\"https:\/\/asso-osem.fr\/wp-content\/uploads\/2020\/12\/15-IMG_20201222_140047-1024x768.jpg 1024w, https:\/\/asso-osem.fr\/wp-content\/uploads\/2020\/12\/15-IMG_20201222_140047-300x225.jpg 300w, https:\/\/asso-osem.fr\/wp-content\/uploads\/2020\/12\/15-IMG_20201222_140047-768x576.jpg 768w, https:\/\/asso-osem.fr\/wp-content\/uploads\/2020\/12\/15-IMG_20201222_140047-1536x1152.jpg 1536w, https:\/\/asso-osem.fr\/wp-content\/uploads\/2020\/12\/15-IMG_20201222_140047-2048x1536.jpg 2048w\" sizes=\"(max-width: 1024px) 100vw, 1024px\" \/>\t\t\t\t\t\t\t\t\t\t\t<figcaption class=\"widget-image-caption wp-caption-text\">Quand des jeunes, viennent aider d'autres jeunes... <\/figcaption>\n\t\t\t\t\t\t\t\t\t\t<\/figure>\n\t\t\t\t\t\t\t\t<\/div>\n\t\t\t\t\t\t<\/div>\n\t\t\t\t<\/div>\n\t\t\t\t\t\t<\/div>\n\t\t\t\t\t<\/div>\n\t\t<\/div>\n\t\t\t\t\t\t\t\t<\/div>\n\t\t\t\t\t<\/div>\n\t\t<\/section>\n\t\t\t\t<section class=\"elementor-section elementor-top-section elementor-element elementor-element-e11836f elementor-section-boxed elementor-section-height-default elementor-section-height-default\" data-id=\"e11836f\" data-element_type=\"section\">\n\t\t\t\t\t\t<div class=\"elementor-container elementor-column-gap-default\">\n\t\t\t\t\t\t\t<div class=\"elementor-row\">\n\t\t\t\t\t<div class=\"elementor-column elementor-col-50 elementor-top-column elementor-element elementor-element-b033486\" data-id=\"b033486\" data-element_type=\"column\">\n\t\t\t<div class=\"elementor-column-wrap elementor-element-populated\">\n\t\t\t\t\t\t\t<div class=\"elementor-widget-wrap\">\n\t\t\t\t\t\t<div class=\"elementor-element elementor-element-1d7a351 elementor-widget elementor-widget-image\" data-id=\"1d7a351\" data-element_type=\"widget\" data-widget_type=\"image.default\">\n\t\t\t\t<div class=\"elementor-widget-container\">\n\t\t\t\t\t\t\t\t<div class=\"elementor-image\">\n\t\t\t\t\t\t\t\t\t<figure class=\"wp-caption\">\n\t\t\t\t\t\t\t\t\t\t<img width=\"1024\" height=\"768\" src=\"https:\/\/asso-osem.fr\/wp-content\/uploads\/2020\/12\/16-IMG_20201222_135522-1024x768.jpg\" class=\"attachment-large size-large wp-image-466\" alt=\"\" loading=\"lazy\" srcset=\"https:\/\/asso-osem.fr\/wp-content\/uploads\/2020\/12\/16-IMG_20201222_135522-1024x768.jpg 1024w, https:\/\/asso-osem.fr\/wp-content\/uploads\/2020\/12\/16-IMG_20201222_135522-300x225.jpg 300w, https:\/\/asso-osem.fr\/wp-content\/uploads\/2020\/12\/16-IMG_20201222_135522-768x576.jpg 768w, https:\/\/asso-osem.fr\/wp-content\/uploads\/2020\/12\/16-IMG_20201222_135522-1536x1152.jpg 1536w, https:\/\/asso-osem.fr\/wp-content\/uploads\/2020\/12\/16-IMG_20201222_135522-2048x1536.jpg 2048w\" sizes=\"(max-width: 1024px) 100vw, 1024px\" \/>\t\t\t\t\t\t\t\t\t\t\t<figcaption class=\"widget-image-caption wp-caption-text\">Plus loin qu'une simple participation financi\u00e8re \u00e0 la distribution de ce jour, nos partenaires du Lions Club Orl\u00e9ans Universit\u00e9, Patrick Midoux, Jacqueline Vidal et Henri Van Hamme, assist\u00e9s par une aide hors pair \u2764, nous ont pr\u00eat\u00e9 main-forte ce mardi. Le petit plus : attention et bienveillance envers nos \u00e9tudiant\u00b7e\u00b7s .<\/figcaption>\n\t\t\t\t\t\t\t\t\t\t<\/figure>\n\t\t\t\t\t\t\t\t<\/div>\n\t\t\t\t\t\t<\/div>\n\t\t\t\t<\/div>\n\t\t\t\t\t\t<\/div>\n\t\t\t\t\t<\/div>\n\t\t<\/div>\n\t\t\t\t<div class=\"elementor-column elementor-col-25 elementor-top-column elementor-element elementor-element-36721d0\" data-id=\"36721d0\" data-element_type=\"column\">\n\t\t\t<div class=\"elementor-column-wrap elementor-element-populated\">\n\t\t\t\t\t\t\t<div class=\"elementor-widget-wrap\">\n\t\t\t\t\t\t<div class=\"elementor-element elementor-element-8494c28 elementor-widget elementor-widget-image\" data-id=\"8494c28\" data-element_type=\"widget\" data-widget_type=\"image.default\">\n\t\t\t\t<div class=\"elementor-widget-container\">\n\t\t\t\t\t\t\t\t<div class=\"elementor-image\">\n\t\t\t\t\t\t\t\t\t<figure class=\"wp-caption\">\n\t\t\t\t\t\t\t\t\t\t<img width=\"300\" height=\"225\" src=\"https:\/\/asso-osem.fr\/wp-content\/uploads\/2020\/12\/17-IMG_20201222_135452-300x225.jpg\" class=\"attachment-medium size-medium wp-image-467\" alt=\"\" loading=\"lazy\" srcset=\"https:\/\/asso-osem.fr\/wp-content\/uploads\/2020\/12\/17-IMG_20201222_135452-300x225.jpg 300w, https:\/\/asso-osem.fr\/wp-content\/uploads\/2020\/12\/17-IMG_20201222_135452-1024x768.jpg 1024w, https:\/\/asso-osem.fr\/wp-content\/uploads\/2020\/12\/17-IMG_20201222_135452-768x576.jpg 768w, https:\/\/asso-osem.fr\/wp-content\/uploads\/2020\/12\/17-IMG_20201222_135452-1536x1152.jpg 1536w, https:\/\/asso-osem.fr\/wp-content\/uploads\/2020\/12\/17-IMG_20201222_135452-2048x1536.jpg 2048w\" sizes=\"(max-width: 300px) 100vw, 300px\" \/>\t\t\t\t\t\t\t\t\t\t\t<figcaption class=\"widget-image-caption wp-caption-text\">Un partenariat bien r\u00e9el, entre Jacqueline Vidal, du Lions Club Orl\u00e9ans Universit\u00e9, et le fils d'un couple de b\u00e9n\u00e9voles d'O'SEM : un bin\u00f4me de choc ! Nils Berglund est ensuite venu les rejoindre.<\/figcaption>\n\t\t\t\t\t\t\t\t\t\t<\/figure>\n\t\t\t\t\t\t\t\t<\/div>\n\t\t\t\t\t\t<\/div>\n\t\t\t\t<\/div>\n\t\t\t\t\t\t<\/div>\n\t\t\t\t\t<\/div>\n\t\t<\/div>\n\t\t\t\t<div class=\"elementor-column elementor-col-25 elementor-top-column elementor-element elementor-element-d29d899\" data-id=\"d29d899\" data-element_type=\"column\">\n\t\t\t<div class=\"elementor-column-wrap elementor-element-populated\">\n\t\t\t\t\t\t\t<div class=\"elementor-widget-wrap\">\n\t\t\t\t\t\t<div class=\"elementor-element elementor-element-63b3ed0 elementor-widget elementor-widget-image\" data-id=\"63b3ed0\" data-element_type=\"widget\" data-widget_type=\"image.default\">\n\t\t\t\t<div class=\"elementor-widget-container\">\n\t\t\t\t\t\t\t\t<div class=\"elementor-image\">\n\t\t\t\t\t\t\t\t\t<figure class=\"wp-caption\">\n\t\t\t\t\t\t\t\t\t\t<img width=\"1024\" height=\"768\" src=\"https:\/\/asso-osem.fr\/wp-content\/uploads\/2020\/12\/18-IMG_20201222_135537-1024x768.jpg\" class=\"attachment-large size-large wp-image-468\" alt=\"\" loading=\"lazy\" srcset=\"https:\/\/asso-osem.fr\/wp-content\/uploads\/2020\/12\/18-IMG_20201222_135537-1024x768.jpg 1024w, https:\/\/asso-osem.fr\/wp-content\/uploads\/2020\/12\/18-IMG_20201222_135537-300x225.jpg 300w, https:\/\/asso-osem.fr\/wp-content\/uploads\/2020\/12\/18-IMG_20201222_135537-768x576.jpg 768w, https:\/\/asso-osem.fr\/wp-content\/uploads\/2020\/12\/18-IMG_20201222_135537-1536x1152.jpg 1536w, https:\/\/asso-osem.fr\/wp-content\/uploads\/2020\/12\/18-IMG_20201222_135537-2048x1536.jpg 2048w\" sizes=\"(max-width: 1024px) 100vw, 1024px\" \/>\t\t\t\t\t\t\t\t\t\t\t<figcaption class=\"widget-image-caption wp-caption-text\">C\u00e9line Dubourg a coordonn\u00e9 tout l'aspect \"l\u00e9gumes et \u0153ufs\" avec Le Potager d\u2019Antan et le GABOR 45, les agriculteurs bio du Loiret . Un grand merci \u00e0 elle et toutes les personnes, d'O'SEM ou non, qui se sont mobilis\u00e9es \u00e0 ses c\u00f4t\u00e9s !<\/figcaption>\n\t\t\t\t\t\t\t\t\t\t<\/figure>\n\t\t\t\t\t\t\t\t<\/div>\n\t\t\t\t\t\t<\/div>\n\t\t\t\t<\/div>\n\t\t\t\t\t\t<\/div>\n\t\t\t\t\t<\/div>\n\t\t<\/div>\n\t\t\t\t\t\t\t\t<\/div>\n\t\t\t\t\t<\/div>\n\t\t<\/section>\n\t\t\t\t<section class=\"elementor-section elementor-top-section elementor-element elementor-element-ea5c04d elementor-section-boxed elementor-section-height-default elementor-section-height-default\" data-id=\"ea5c04d\" data-element_type=\"section\">\n\t\t\t\t\t\t<div class=\"elementor-container elementor-column-gap-default\">\n\t\t\t\t\t\t\t<div class=\"elementor-row\">\n\t\t\t\t\t<div class=\"elementor-column elementor-col-25 elementor-top-column elementor-element elementor-element-5faa581\" data-id=\"5faa581\" data-element_type=\"column\">\n\t\t\t<div class=\"elementor-column-wrap elementor-element-populated\">\n\t\t\t\t\t\t\t<div class=\"elementor-widget-wrap\">\n\t\t\t\t\t\t<div class=\"elementor-element elementor-element-1b909a0 elementor-widget elementor-widget-image\" data-id=\"1b909a0\" data-element_type=\"widget\" data-widget_type=\"image.default\">\n\t\t\t\t<div class=\"elementor-widget-container\">\n\t\t\t\t\t\t\t\t<div class=\"elementor-image\">\n\t\t\t\t\t\t\t\t\t<figure class=\"wp-caption\">\n\t\t\t\t\t\t\t\t\t\t<img width=\"1024\" height=\"768\" src=\"https:\/\/asso-osem.fr\/wp-content\/uploads\/2020\/12\/19-IMG_20201222_135330-1024x768.jpg\" class=\"attachment-large size-large wp-image-469\" alt=\"\" loading=\"lazy\" srcset=\"https:\/\/asso-osem.fr\/wp-content\/uploads\/2020\/12\/19-IMG_20201222_135330-1024x768.jpg 1024w, https:\/\/asso-osem.fr\/wp-content\/uploads\/2020\/12\/19-IMG_20201222_135330-300x225.jpg 300w, https:\/\/asso-osem.fr\/wp-content\/uploads\/2020\/12\/19-IMG_20201222_135330-768x576.jpg 768w, https:\/\/asso-osem.fr\/wp-content\/uploads\/2020\/12\/19-IMG_20201222_135330-1536x1152.jpg 1536w, https:\/\/asso-osem.fr\/wp-content\/uploads\/2020\/12\/19-IMG_20201222_135330-2048x1536.jpg 2048w\" sizes=\"(max-width: 1024px) 100vw, 1024px\" \/>\t\t\t\t\t\t\t\t\t\t\t<figcaption class=\"widget-image-caption wp-caption-text\">G\u00e9raldine Roux, marraine et b\u00e9n\u00e9vole O'SEM et ses 2 assistants font les derniers ajustements pour les conserves de l\u00e9gumes...et le concentr\u00e9 de tomate !<\/figcaption>\n\t\t\t\t\t\t\t\t\t\t<\/figure>\n\t\t\t\t\t\t\t\t<\/div>\n\t\t\t\t\t\t<\/div>\n\t\t\t\t<\/div>\n\t\t\t\t\t\t<\/div>\n\t\t\t\t\t<\/div>\n\t\t<\/div>\n\t\t\t\t<div class=\"elementor-column elementor-col-25 elementor-top-column elementor-element elementor-element-ce48e9c\" data-id=\"ce48e9c\" data-element_type=\"column\">\n\t\t\t<div class=\"elementor-column-wrap elementor-element-populated\">\n\t\t\t\t\t\t\t<div class=\"elementor-widget-wrap\">\n\t\t\t\t\t\t<div class=\"elementor-element elementor-element-485cf09 elementor-widget elementor-widget-image\" data-id=\"485cf09\" data-element_type=\"widget\" data-widget_type=\"image.default\">\n\t\t\t\t<div class=\"elementor-widget-container\">\n\t\t\t\t\t\t\t\t<div class=\"elementor-image\">\n\t\t\t\t\t\t\t\t\t<figure class=\"wp-caption\">\n\t\t\t\t\t\t\t\t\t\t<img width=\"1024\" height=\"768\" src=\"https:\/\/asso-osem.fr\/wp-content\/uploads\/2020\/12\/20-IMG_20201222_135338-1024x768.jpg\" class=\"attachment-large size-large wp-image-470\" alt=\"\" loading=\"lazy\" srcset=\"https:\/\/asso-osem.fr\/wp-content\/uploads\/2020\/12\/20-IMG_20201222_135338-1024x768.jpg 1024w, https:\/\/asso-osem.fr\/wp-content\/uploads\/2020\/12\/20-IMG_20201222_135338-300x225.jpg 300w, https:\/\/asso-osem.fr\/wp-content\/uploads\/2020\/12\/20-IMG_20201222_135338-768x576.jpg 768w, https:\/\/asso-osem.fr\/wp-content\/uploads\/2020\/12\/20-IMG_20201222_135338-1536x1152.jpg 1536w, https:\/\/asso-osem.fr\/wp-content\/uploads\/2020\/12\/20-IMG_20201222_135338-2048x1536.jpg 2048w\" sizes=\"(max-width: 1024px) 100vw, 1024px\" \/>\t\t\t\t\t\t\t\t\t\t\t<figcaption class=\"widget-image-caption wp-caption-text\">Le papier toilette, cela se compte en rouleaux ! Derni\u00e8re Luc Hillairet et Pierre Debs (membre du bureau d'O'SEM), on aper\u00e7oit J\u00e9r\u00f4me Collet, multi-parrain, membre du bureau d'O'SEM et pr\u00e9sent avec nous depuis Mars 2019...soit \u00e0 une \u00e9poque o\u00f9 O'SEM ne s'appelait pas encore O'SEM. Un grand merci \u00e0 lui (ce \u00e0 quoi il r\u00e9pondra : \"c'est normal\")<\/figcaption>\n\t\t\t\t\t\t\t\t\t\t<\/figure>\n\t\t\t\t\t\t\t\t<\/div>\n\t\t\t\t\t\t<\/div>\n\t\t\t\t<\/div>\n\t\t\t\t\t\t<\/div>\n\t\t\t\t\t<\/div>\n\t\t<\/div>\n\t\t\t\t<div class=\"elementor-column elementor-col-50 elementor-top-column elementor-element elementor-element-87ca768\" data-id=\"87ca768\" data-element_type=\"column\">\n\t\t\t<div class=\"elementor-column-wrap elementor-element-populated\">\n\t\t\t\t\t\t\t<div class=\"elementor-widget-wrap\">\n\t\t\t\t\t\t<div class=\"elementor-element elementor-element-d5890a3 elementor-widget elementor-widget-image\" data-id=\"d5890a3\" data-element_type=\"widget\" data-widget_type=\"image.default\">\n\t\t\t\t<div class=\"elementor-widget-container\">\n\t\t\t\t\t\t\t\t<div class=\"elementor-image\">\n\t\t\t\t\t\t\t\t\t<figure class=\"wp-caption\">\n\t\t\t\t\t\t\t\t\t\t<img width=\"1024\" height=\"768\" src=\"https:\/\/asso-osem.fr\/wp-content\/uploads\/2020\/12\/22-IMG_20201222_135232-1024x768.jpg\" class=\"attachment-large size-large wp-image-472\" alt=\"\" loading=\"lazy\" srcset=\"https:\/\/asso-osem.fr\/wp-content\/uploads\/2020\/12\/22-IMG_20201222_135232-1024x768.jpg 1024w, https:\/\/asso-osem.fr\/wp-content\/uploads\/2020\/12\/22-IMG_20201222_135232-300x225.jpg 300w, https:\/\/asso-osem.fr\/wp-content\/uploads\/2020\/12\/22-IMG_20201222_135232-768x576.jpg 768w, https:\/\/asso-osem.fr\/wp-content\/uploads\/2020\/12\/22-IMG_20201222_135232-1536x1152.jpg 1536w, https:\/\/asso-osem.fr\/wp-content\/uploads\/2020\/12\/22-IMG_20201222_135232-2048x1536.jpg 2048w\" sizes=\"(max-width: 1024px) 100vw, 1024px\" \/>\t\t\t\t\t\t\t\t\t\t\t<figcaption class=\"widget-image-caption wp-caption-text\">Avant leur action hebdomadaire, J\u00e9r\u00f4me Schenck et Elie, pour Les Mains Tendues, et Alexis Jahiel Buckley (O'SEM et Les Mains Tendues) ont tenu a \u00eatre l\u00e0. Ici, la moiti\u00e9 des produits propos\u00e9s pour nos jeunes : brosse \u00e0 dents, dentifrices, savon, gel douche, shampoing, d\u00e9o, rasoirs, protections p\u00e9riodiques, mouchoirs en papier... Les \u00e9tudiant\u00b7e\u00b7s ont appr\u00e9ci\u00e9 \u2764<\/figcaption>\n\t\t\t\t\t\t\t\t\t\t<\/figure>\n\t\t\t\t\t\t\t\t<\/div>\n\t\t\t\t\t\t<\/div>\n\t\t\t\t<\/div>\n\t\t\t\t\t\t<\/div>\n\t\t\t\t\t<\/div>\n\t\t<\/div>\n\t\t\t\t\t\t\t\t<\/div>\n\t\t\t\t\t<\/div>\n\t\t<\/section>\n\t\t\t\t<section class=\"elementor-section elementor-top-section elementor-element elementor-element-e34a09d elementor-section-boxed elementor-section-height-default elementor-section-height-default\" data-id=\"e34a09d\" data-element_type=\"section\">\n\t\t\t\t\t\t<div class=\"elementor-container elementor-column-gap-default\">\n\t\t\t\t\t\t\t<div class=\"elementor-row\">\n\t\t\t\t\t<div class=\"elementor-column elementor-col-33 elementor-top-column elementor-element elementor-element-26e7d2d\" data-id=\"26e7d2d\" data-element_type=\"column\">\n\t\t\t<div class=\"elementor-column-wrap elementor-element-populated\">\n\t\t\t\t\t\t\t<div class=\"elementor-widget-wrap\">\n\t\t\t\t\t\t<div class=\"elementor-element elementor-element-ef670fb elementor-widget elementor-widget-image\" data-id=\"ef670fb\" data-element_type=\"widget\" data-widget_type=\"image.default\">\n\t\t\t\t<div class=\"elementor-widget-container\">\n\t\t\t\t\t\t\t\t<div class=\"elementor-image\">\n\t\t\t\t\t\t\t\t\t<figure class=\"wp-caption\">\n\t\t\t\t\t\t\t\t\t\t<img width=\"300\" height=\"225\" src=\"https:\/\/asso-osem.fr\/wp-content\/uploads\/2020\/12\/23-IMG_20201222_142044-300x225.jpg\" class=\"attachment-medium size-medium wp-image-473\" alt=\"\" loading=\"lazy\" srcset=\"https:\/\/asso-osem.fr\/wp-content\/uploads\/2020\/12\/23-IMG_20201222_142044-300x225.jpg 300w, https:\/\/asso-osem.fr\/wp-content\/uploads\/2020\/12\/23-IMG_20201222_142044-1024x768.jpg 1024w, https:\/\/asso-osem.fr\/wp-content\/uploads\/2020\/12\/23-IMG_20201222_142044-768x576.jpg 768w, https:\/\/asso-osem.fr\/wp-content\/uploads\/2020\/12\/23-IMG_20201222_142044-1536x1152.jpg 1536w, https:\/\/asso-osem.fr\/wp-content\/uploads\/2020\/12\/23-IMG_20201222_142044-2048x1536.jpg 2048w\" sizes=\"(max-width: 300px) 100vw, 300px\" \/>\t\t\t\t\t\t\t\t\t\t\t<figcaption class=\"widget-image-caption wp-caption-text\">Apr\u00e8s la mission \"r\u00e9cup\u00e9ration des l\u00e9gumes\", Fabienne Brul\u00e9 et St\u00e9phane Mortaud passent en mode \"des \u0153ufs bio pour tou\u00b7te\u00b7s les \u00e9tudiant\u00b7e\u00b7s\" ! Un grand merci \u00e0 Philippe Le Grelle, Domaine Sainte Marie des Gu\u00e9s, qui a r\u00e9pondu \u00e0 l'appel du GABOR 45 et \u00e0 la collecte solidaire du potager d'antan<\/figcaption>\n\t\t\t\t\t\t\t\t\t\t<\/figure>\n\t\t\t\t\t\t\t\t<\/div>\n\t\t\t\t\t\t<\/div>\n\t\t\t\t<\/div>\n\t\t\t\t\t\t<\/div>\n\t\t\t\t\t<\/div>\n\t\t<\/div>\n\t\t\t\t<div class=\"elementor-column elementor-col-33 elementor-top-column elementor-element elementor-element-9ce8ec7\" data-id=\"9ce8ec7\" data-element_type=\"column\">\n\t\t\t<div class=\"elementor-column-wrap elementor-element-populated\">\n\t\t\t\t\t\t\t<div class=\"elementor-widget-wrap\">\n\t\t\t\t\t\t<div class=\"elementor-element elementor-element-2da56fb elementor-widget elementor-widget-image\" data-id=\"2da56fb\" data-element_type=\"widget\" data-widget_type=\"image.default\">\n\t\t\t\t<div class=\"elementor-widget-container\">\n\t\t\t\t\t\t\t\t<div class=\"elementor-image\">\n\t\t\t\t\t\t\t\t\t<figure class=\"wp-caption\">\n\t\t\t\t\t\t\t\t\t\t<img width=\"225\" height=\"300\" src=\"https:\/\/asso-osem.fr\/wp-content\/uploads\/2020\/12\/27-IMG_20201222_141145-225x300.jpg\" class=\"attachment-medium size-medium wp-image-477\" alt=\"\" loading=\"lazy\" srcset=\"https:\/\/asso-osem.fr\/wp-content\/uploads\/2020\/12\/27-IMG_20201222_141145-225x300.jpg 225w, https:\/\/asso-osem.fr\/wp-content\/uploads\/2020\/12\/27-IMG_20201222_141145-768x1024.jpg 768w, https:\/\/asso-osem.fr\/wp-content\/uploads\/2020\/12\/27-IMG_20201222_141145-1152x1536.jpg 1152w, https:\/\/asso-osem.fr\/wp-content\/uploads\/2020\/12\/27-IMG_20201222_141145-1536x2048.jpg 1536w, https:\/\/asso-osem.fr\/wp-content\/uploads\/2020\/12\/27-IMG_20201222_141145-scaled.jpg 1920w\" sizes=\"(max-width: 225px) 100vw, 225px\" \/>\t\t\t\t\t\t\t\t\t\t\t<figcaption class=\"widget-image-caption wp-caption-text\">La Maison Des Ados pr\u00e9sente en force sur le dispositif ! Elles ont pr\u00e9sent\u00e9 les possibilit\u00e9s d'\u00e9coute de la MDA \u00e0 nos jeunes car beaucoup sont en grande d\u00e9tresse psychologique<\/figcaption>\n\t\t\t\t\t\t\t\t\t\t<\/figure>\n\t\t\t\t\t\t\t\t<\/div>\n\t\t\t\t\t\t<\/div>\n\t\t\t\t<\/div>\n\t\t\t\t\t\t<\/div>\n\t\t\t\t\t<\/div>\n\t\t<\/div>\n\t\t\t\t<div class=\"elementor-column elementor-col-33 elementor-top-column elementor-element elementor-element-49a5e16\" data-id=\"49a5e16\" data-element_type=\"column\">\n\t\t\t<div class=\"elementor-column-wrap elementor-element-populated\">\n\t\t\t\t\t\t\t<div class=\"elementor-widget-wrap\">\n\t\t\t\t\t\t<div class=\"elementor-element elementor-element-1b07efd elementor-widget elementor-widget-image\" data-id=\"1b07efd\" data-element_type=\"widget\" data-widget_type=\"image.default\">\n\t\t\t\t<div class=\"elementor-widget-container\">\n\t\t\t\t\t\t\t\t<div class=\"elementor-image\">\n\t\t\t\t\t\t\t\t\t<figure class=\"wp-caption\">\n\t\t\t\t\t\t\t\t\t\t<img width=\"1024\" height=\"768\" src=\"https:\/\/asso-osem.fr\/wp-content\/uploads\/2020\/12\/26-IMG_20201222_142052-1024x768.jpg\" class=\"attachment-large size-large wp-image-476\" alt=\"\" loading=\"lazy\" srcset=\"https:\/\/asso-osem.fr\/wp-content\/uploads\/2020\/12\/26-IMG_20201222_142052-1024x768.jpg 1024w, https:\/\/asso-osem.fr\/wp-content\/uploads\/2020\/12\/26-IMG_20201222_142052-300x225.jpg 300w, https:\/\/asso-osem.fr\/wp-content\/uploads\/2020\/12\/26-IMG_20201222_142052-768x576.jpg 768w, https:\/\/asso-osem.fr\/wp-content\/uploads\/2020\/12\/26-IMG_20201222_142052-1536x1152.jpg 1536w, https:\/\/asso-osem.fr\/wp-content\/uploads\/2020\/12\/26-IMG_20201222_142052-2048x1536.jpg 2048w\" sizes=\"(max-width: 1024px) 100vw, 1024px\" \/>\t\t\t\t\t\t\t\t\t\t\t<figcaption class=\"widget-image-caption wp-caption-text\">Chaussures, manteaux chauds...et chocolats ! On ne le dira jamais assez : merci \u00e0 Les Coeurs d'Herm\u00e8s d'avoir \u00e9t\u00e9 l\u00e0 !<\/figcaption>\n\t\t\t\t\t\t\t\t\t\t<\/figure>\n\t\t\t\t\t\t\t\t<\/div>\n\t\t\t\t\t\t<\/div>\n\t\t\t\t<\/div>\n\t\t\t\t\t\t<\/div>\n\t\t\t\t\t<\/div>\n\t\t<\/div>\n\t\t\t\t\t\t\t\t<\/div>\n\t\t\t\t\t<\/div>\n\t\t<\/section>\n\t\t\t\t<section class=\"elementor-section elementor-top-section elementor-element elementor-element-e63cd7c elementor-section-boxed elementor-section-height-default elementor-section-height-default\" data-id=\"e63cd7c\" data-element_type=\"section\">\n\t\t\t\t\t\t<div class=\"elementor-container elementor-column-gap-default\">\n\t\t\t\t\t\t\t<div class=\"elementor-row\">\n\t\t\t\t\t<div class=\"elementor-column elementor-col-50 elementor-top-column elementor-element elementor-element-e15eaa0\" data-id=\"e15eaa0\" data-element_type=\"column\">\n\t\t\t<div class=\"elementor-column-wrap elementor-element-populated\">\n\t\t\t\t\t\t\t<div class=\"elementor-widget-wrap\">\n\t\t\t\t\t\t<div class=\"elementor-element elementor-element-1583e09 elementor-widget elementor-widget-image\" data-id=\"1583e09\" data-element_type=\"widget\" data-widget_type=\"image.default\">\n\t\t\t\t<div class=\"elementor-widget-container\">\n\t\t\t\t\t\t\t\t<div class=\"elementor-image\">\n\t\t\t\t\t\t\t\t\t<figure class=\"wp-caption\">\n\t\t\t\t\t\t\t\t\t\t<img width=\"1024\" height=\"768\" src=\"https:\/\/asso-osem.fr\/wp-content\/uploads\/2020\/12\/25-IMG_20201222_142158-1024x768.jpg\" class=\"attachment-large size-large wp-image-475\" alt=\"\" loading=\"lazy\" srcset=\"https:\/\/asso-osem.fr\/wp-content\/uploads\/2020\/12\/25-IMG_20201222_142158-1024x768.jpg 1024w, https:\/\/asso-osem.fr\/wp-content\/uploads\/2020\/12\/25-IMG_20201222_142158-300x225.jpg 300w, https:\/\/asso-osem.fr\/wp-content\/uploads\/2020\/12\/25-IMG_20201222_142158-768x576.jpg 768w, https:\/\/asso-osem.fr\/wp-content\/uploads\/2020\/12\/25-IMG_20201222_142158-1536x1152.jpg 1536w, https:\/\/asso-osem.fr\/wp-content\/uploads\/2020\/12\/25-IMG_20201222_142158-2048x1536.jpg 2048w\" sizes=\"(max-width: 1024px) 100vw, 1024px\" \/>\t\t\t\t\t\t\t\t\t\t\t<figcaption class=\"widget-image-caption wp-caption-text\">De nombreux \u00e9changes entre Les Coeurs d'Herm\u00e8s et les b\u00e9n\u00e9voles d'O'SEM, ici entre Nathalie Daniel et Fran\u00e7ois H\u00e9ricourt. La quasi totalit\u00e9 des v\u00eatements est partie... A saluer \u00e9galement le travail logistique de C\u00e9line Chenault =&gt; oui, il faut toujours regarder les 2\u00e8mes plans des photos \ud83d\ude09<\/figcaption>\n\t\t\t\t\t\t\t\t\t\t<\/figure>\n\t\t\t\t\t\t\t\t<\/div>\n\t\t\t\t\t\t<\/div>\n\t\t\t\t<\/div>\n\t\t\t\t\t\t<\/div>\n\t\t\t\t\t<\/div>\n\t\t<\/div>\n\t\t\t\t<div class=\"elementor-column elementor-col-50 elementor-top-column elementor-element elementor-element-d807ec6\" data-id=\"d807ec6\" data-element_type=\"column\">\n\t\t\t<div class=\"elementor-column-wrap elementor-element-populated\">\n\t\t\t\t\t\t\t<div class=\"elementor-widget-wrap\">\n\t\t\t\t\t\t<div class=\"elementor-element elementor-element-d4abab2 elementor-widget elementor-widget-image\" data-id=\"d4abab2\" data-element_type=\"widget\" data-widget_type=\"image.default\">\n\t\t\t\t<div class=\"elementor-widget-container\">\n\t\t\t\t\t\t\t\t<div class=\"elementor-image\">\n\t\t\t\t\t\t\t\t\t<figure class=\"wp-caption\">\n\t\t\t\t\t\t\t\t\t\t<img width=\"1024\" height=\"768\" src=\"https:\/\/asso-osem.fr\/wp-content\/uploads\/2020\/12\/24-IMG_20201222_135248-1024x768.jpg\" class=\"attachment-large size-large wp-image-474\" alt=\"\" loading=\"lazy\" srcset=\"https:\/\/asso-osem.fr\/wp-content\/uploads\/2020\/12\/24-IMG_20201222_135248-1024x768.jpg 1024w, https:\/\/asso-osem.fr\/wp-content\/uploads\/2020\/12\/24-IMG_20201222_135248-300x225.jpg 300w, https:\/\/asso-osem.fr\/wp-content\/uploads\/2020\/12\/24-IMG_20201222_135248-768x576.jpg 768w, https:\/\/asso-osem.fr\/wp-content\/uploads\/2020\/12\/24-IMG_20201222_135248-1536x1152.jpg 1536w, https:\/\/asso-osem.fr\/wp-content\/uploads\/2020\/12\/24-IMG_20201222_135248-2048x1536.jpg 2048w\" sizes=\"(max-width: 1024px) 100vw, 1024px\" \/>\t\t\t\t\t\t\t\t\t\t\t<figcaption class=\"widget-image-caption wp-caption-text\">Cette premi\u00e8re rencontre avec Les Coeurs d'Herm\u00e8s a \u00e9t\u00e9 d'une grande richesse. Merci \u00e0 Val\u00e9rie Daniel de nous avoir contact\u00e9s pour proposer des habits chauds et des chaussures pour nos \u00e9tudiant\u00b7e\u00b7s. Amiti\u00e9s \u00e0 Jeannine qui s'est port\u00e9e volontaire pour cette action.<\/figcaption>\n\t\t\t\t\t\t\t\t\t\t<\/figure>\n\t\t\t\t\t\t\t\t<\/div>\n\t\t\t\t\t\t<\/div>\n\t\t\t\t<\/div>\n\t\t\t\t\t\t<\/div>\n\t\t\t\t\t<\/div>\n\t\t<\/div>\n\t\t\t\t\t\t\t\t<\/div>\n\t\t\t\t\t<\/div>\n\t\t<\/section>\n\t\t\t\t<section class=\"elementor-section elementor-top-section elementor-element elementor-element-f50d343 elementor-section-boxed elementor-section-height-default elementor-section-height-default\" data-id=\"f50d343\" data-element_type=\"section\">\n\t\t\t\t\t\t<div class=\"elementor-container elementor-column-gap-default\">\n\t\t\t\t\t\t\t<div class=\"elementor-row\">\n\t\t\t\t\t<div class=\"elementor-column elementor-col-100 elementor-top-column elementor-element elementor-element-ee2a562\" data-id=\"ee2a562\" data-element_type=\"column\">\n\t\t\t<div class=\"elementor-column-wrap elementor-element-populated\">\n\t\t\t\t\t\t\t<div class=\"elementor-widget-wrap\">\n\t\t\t\t\t\t<div class=\"elementor-element elementor-element-5532a93 elementor-widget elementor-widget-image\" data-id=\"5532a93\" data-element_type=\"widget\" data-widget_type=\"image.default\">\n\t\t\t\t<div class=\"elementor-widget-container\">\n\t\t\t\t\t\t\t\t<div class=\"elementor-image\">\n\t\t\t\t\t\t\t\t\t<figure class=\"wp-caption\">\n\t\t\t\t\t\t\t\t\t\t<img width=\"1024\" height=\"768\" src=\"https:\/\/asso-osem.fr\/wp-content\/uploads\/2020\/12\/29-IMG_20201222_140535-1024x768.jpg\" class=\"attachment-large size-large wp-image-479\" alt=\"\" loading=\"lazy\" srcset=\"https:\/\/asso-osem.fr\/wp-content\/uploads\/2020\/12\/29-IMG_20201222_140535-1024x768.jpg 1024w, https:\/\/asso-osem.fr\/wp-content\/uploads\/2020\/12\/29-IMG_20201222_140535-300x225.jpg 300w, https:\/\/asso-osem.fr\/wp-content\/uploads\/2020\/12\/29-IMG_20201222_140535-768x576.jpg 768w, https:\/\/asso-osem.fr\/wp-content\/uploads\/2020\/12\/29-IMG_20201222_140535-1536x1152.jpg 1536w, https:\/\/asso-osem.fr\/wp-content\/uploads\/2020\/12\/29-IMG_20201222_140535-2048x1536.jpg 2048w\" sizes=\"(max-width: 1024px) 100vw, 1024px\" \/>\t\t\t\t\t\t\t\t\t\t\t<figcaption class=\"widget-image-caption wp-caption-text\">Personnels et \u00e9tudiant\u00b7e\u00b7s de l'universit\u00e9 d'Orl\u00e9ans, r\u00e9unis sur ce dispositif, pour porter r\u00e9confort aux plus fragiles.<\/figcaption>\n\t\t\t\t\t\t\t\t\t\t<\/figure>\n\t\t\t\t\t\t\t\t<\/div>\n\t\t\t\t\t\t<\/div>\n\t\t\t\t<\/div>\n\t\t\t\t\t\t<\/div>\n\t\t\t\t\t<\/div>\n\t\t<\/div>\n\t\t\t\t\t\t\t\t<\/div>\n\t\t\t\t\t<\/div>\n\t\t<\/section>\n\t\t\t\t\t\t\t\t\t<\/div>\n\t\t\t<\/div>\n\t\t\t\t\t<\/div>\n\t\t","protected":false},"excerpt":{"rendered":"<p>Hier, 222 \u00e9tudiant\u00b7e\u00b7s sont venu\u00b7e\u00b7s \u00e0 la distribution organis\u00e9e par O\u2019SEM. Plusieurs partenaires nous ont aid\u00e9s : Lions Club Orl\u00e9ans Universit\u00e9 (alimentation et hygi\u00e8ne), Les Mains Tendues (hygi\u00e8ne), Les C\u0153urs d&rsquo;Herm\u00e8s (chocolat, v\u00eatements chauds), Les agriculteurs bio du Loiret du GABOR, Le potager d&rsquo;antan et Z\u00e9ro gaspillage (l\u00e9gumes et \u0153ufs), No\u00ebl des Isol\u00e9s du Loiret. [&hellip;]<\/p>\n","protected":false},"author":2,"featured_media":0,"comment_status":"open","ping_status":"open","sticky":false,"template":"","format":"standard","meta":[],"categories":[11,3],"tags":[],"_links":{"self":[{"href":"https:\/\/asso-osem.fr\/index.php\/wp-json\/wp\/v2\/posts\/449"}],"collection":[{"href":"https:\/\/asso-osem.fr\/index.php\/wp-json\/wp\/v2\/posts"}],"about":[{"href":"https:\/\/asso-osem.fr\/index.php\/wp-json\/wp\/v2\/types\/post"}],"author":[{"embeddable":true,"href":"https:\/\/asso-osem.fr\/index.php\/wp-json\/wp\/v2\/users\/2"}],"replies":[{"embeddable":true,"href":"https:\/\/asso-osem.fr\/index.php\/wp-json\/wp\/v2\/comments?post=449"}],"version-history":[{"count":10,"href":"https:\/\/asso-osem.fr\/index.php\/wp-json\/wp\/v2\/posts\/449\/revisions"}],"predecessor-version":[{"id":601,"href":"https:\/\/asso-osem.fr\/index.php\/wp-json\/wp\/v2\/posts\/449\/revisions\/601"}],"wp:attachment":[{"href":"https:\/\/asso-osem.fr\/index.php\/wp-json\/wp\/v2\/media?parent=449"}],"wp:term":[{"taxonomy":"category","embeddable":true,"href":"https:\/\/asso-osem.fr\/index.php\/wp-json\/wp\/v2\/categories?post=449"},{"taxonomy":"post_tag","embeddable":true,"href":"https:\/\/asso-osem.fr\/index.php\/wp-json\/wp\/v2\/tags?post=449"}],"curies":[{"name":"wp","href":"https:\/\/api.w.org\/{rel}","templated":true}]}}