{"id":417,"date":"2020-12-18T13:00:52","date_gmt":"2020-12-18T12:00:52","guid":{"rendered":"http:\/\/asso-osem.fr\/?p=417"},"modified":"2021-01-17T00:08:35","modified_gmt":"2021-01-16T23:08:35","slug":"distribution-alimentaire-pour-les-etudiants-mardi-22-decembre-14h-16h","status":"publish","type":"post","link":"https:\/\/asso-osem.fr\/index.php\/2020\/12\/18\/distribution-alimentaire-pour-les-etudiants-mardi-22-decembre-14h-16h\/","title":{"rendered":"Distribution alimentaire pour les \u00e9tudiant\u00b7e\u00b7s mardi 22 d\u00e9cembre &#8211; 14h-16h"},"content":{"rendered":"\t\t<div data-elementor-type=\"wp-post\" data-elementor-id=\"417\" class=\"elementor elementor-417\">\n\t\t\t\t\t\t<div class=\"elementor-inner\">\n\t\t\t\t<div class=\"elementor-section-wrap\">\n\t\t\t\t\t\t\t\t\t<section class=\"elementor-section elementor-top-section elementor-element elementor-element-72a8a3d7 elementor-section-boxed elementor-section-height-default elementor-section-height-default\" data-id=\"72a8a3d7\" data-element_type=\"section\">\n\t\t\t\t\t\t<div class=\"elementor-container elementor-column-gap-default\">\n\t\t\t\t\t\t\t<div class=\"elementor-row\">\n\t\t\t\t\t<div class=\"elementor-column elementor-col-100 elementor-top-column elementor-element elementor-element-5ca707d9\" data-id=\"5ca707d9\" data-element_type=\"column\">\n\t\t\t<div class=\"elementor-column-wrap elementor-element-populated\">\n\t\t\t\t\t\t\t<div class=\"elementor-widget-wrap\">\n\t\t\t\t\t\t<div class=\"elementor-element elementor-element-5baca73 elementor-widget elementor-widget-text-editor\" data-id=\"5baca73\" data-element_type=\"widget\" data-widget_type=\"text-editor.default\">\n\t\t\t\t<div class=\"elementor-widget-container\">\n\t\t\t\t\t\t\t\t<div class=\"elementor-text-editor elementor-clearfix\">\n\t\t\t\t<!-- wp:paragraph -->\n<p><img class=\"wp-image-418 alignleft\" style=\"width: 368px;\" src=\"http:\/\/asso-osem.fr\/wp-content\/uploads\/2020\/12\/Flyer-OK-mardi-22-12-20.jpg\" alt=\"\" height=\"265\" srcset=\"https:\/\/asso-osem.fr\/wp-content\/uploads\/2020\/12\/Flyer-OK-mardi-22-12-20.jpg 1513w, https:\/\/asso-osem.fr\/wp-content\/uploads\/2020\/12\/Flyer-OK-mardi-22-12-20-300x216.jpg 300w, https:\/\/asso-osem.fr\/wp-content\/uploads\/2020\/12\/Flyer-OK-mardi-22-12-20-1024x736.jpg 1024w, https:\/\/asso-osem.fr\/wp-content\/uploads\/2020\/12\/Flyer-OK-mardi-22-12-20-768x552.jpg 768w\" sizes=\"(max-width: 1513px) 100vw, 1513px\" \/>O&rsquo;SEM organise une distribution de produits d&rsquo;alimentation (non p\u00e9rissables, l\u00e9gumes) et d&rsquo;hygi\u00e8ne, et \u00e9galement de v\u00eatements chauds. Plusieurs partenaires nous aident : le Lions club Universit\u00e9 d&rsquo;Orl\u00e9ans (alimentation et hygi\u00e8ne), les Mains Tendues (hygi\u00e8ne), les C\u0153urs d&rsquo;Herm\u00e8s (chocolat, v\u00eatements chauds), le GABOR 45 (Groupement des Agriculteurs Biologiques et biodynamistes de l\u2019Orl\u00e9anais et du Loiret &#8211; l\u00e9gumes et \u0153ufs).<\/p>\n<!-- \/wp:paragraph --><!-- wp:paragraph -->\n<p>La MDA (Maisons Des Adolescents), sp\u00e9cialis\u00e9e dans l\u2019\u00e9coute des jeunes de 11 \u00e0 25 ans.<\/p>\n<!-- \/wp:paragraph --><!-- wp:paragraph -->\n<p>Rendez-vous mardi 22 d\u00e9cembre, de 14h \u00e0 16h, au lieu habituel : sous l&rsquo;all\u00e9e couverte reliant le bloc amphis de Sciences et l&rsquo;administration de l&rsquo;UFR Sciences et techniques (CoST), 1 rue de Chartres (proche arr\u00eat de bus \u00ab\u00a0Parc floral\u00a0\u00bb). Il faut venir avec sa carte \u00e9tudiant, des sacs \u00e0 provision et un masque&#8230;<\/p>\n<!-- \/wp:paragraph --><!-- wp:paragraph -->\n<p>Soyez solidaire, faites circuler l&rsquo;information !<\/p>\n<!-- \/wp:paragraph -->\t\t\t\t\t<\/div>\n\t\t\t\t\t\t<\/div>\n\t\t\t\t<\/div>\n\t\t\t\t\t\t<\/div>\n\t\t\t\t\t<\/div>\n\t\t<\/div>\n\t\t\t\t\t\t\t\t<\/div>\n\t\t\t\t\t<\/div>\n\t\t<\/section>\n\t\t\t\t\t\t\t\t\t<\/div>\n\t\t\t<\/div>\n\t\t\t\t\t<\/div>\n\t\t","protected":false},"excerpt":{"rendered":"<p>O&rsquo;SEM organise une distribution de produits d&rsquo;alimentation (non p\u00e9rissables, l\u00e9gumes) et d&rsquo;hygi\u00e8ne, et \u00e9galement de v\u00eatements chauds. Plusieurs partenaires nous aident : le Lions club Universit\u00e9 d&rsquo;Orl\u00e9ans (alimentation et hygi\u00e8ne), les Mains Tendues (hygi\u00e8ne), les C\u0153urs d&rsquo;Herm\u00e8s (chocolat, v\u00eatements chauds), le GABOR 45 (Groupement des Agriculteurs Biologiques et biodynamistes de l\u2019Orl\u00e9anais et du Loiret &#8211; [&hellip;]<\/p>\n","protected":false},"author":1,"featured_media":0,"comment_status":"open","ping_status":"open","sticky":false,"template":"","format":"standard","meta":[],"categories":[11,3],"tags":[],"_links":{"self":[{"href":"https:\/\/asso-osem.fr\/index.php\/wp-json\/wp\/v2\/posts\/417"}],"collection":[{"href":"https:\/\/asso-osem.fr\/index.php\/wp-json\/wp\/v2\/posts"}],"about":[{"href":"https:\/\/asso-osem.fr\/index.php\/wp-json\/wp\/v2\/types\/post"}],"author":[{"embeddable":true,"href":"https:\/\/asso-osem.fr\/index.php\/wp-json\/wp\/v2\/users\/1"}],"replies":[{"embeddable":true,"href":"https:\/\/asso-osem.fr\/index.php\/wp-json\/wp\/v2\/comments?post=417"}],"version-history":[{"count":9,"href":"https:\/\/asso-osem.fr\/index.php\/wp-json\/wp\/v2\/posts\/417\/revisions"}],"predecessor-version":[{"id":427,"href":"https:\/\/asso-osem.fr\/index.php\/wp-json\/wp\/v2\/posts\/417\/revisions\/427"}],"wp:attachment":[{"href":"https:\/\/asso-osem.fr\/index.php\/wp-json\/wp\/v2\/media?parent=417"}],"wp:term":[{"taxonomy":"category","embeddable":true,"href":"https:\/\/asso-osem.fr\/index.php\/wp-json\/wp\/v2\/categories?post=417"},{"taxonomy":"post_tag","embeddable":true,"href":"https:\/\/asso-osem.fr\/index.php\/wp-json\/wp\/v2\/tags?post=417"}],"curies":[{"name":"wp","href":"https:\/\/api.w.org\/{rel}","templated":true}]}}