{"id":413,"date":"2020-12-15T20:02:42","date_gmt":"2020-12-15T19:02:42","guid":{"rendered":"http:\/\/asso-osem.fr\/?p=413"},"modified":"2021-01-17T00:08:48","modified_gmt":"2021-01-16T23:08:48","slug":"distribution-de-bons-dachat-inner-wheel-orleans-a-la-gabare-mercredi-16-12","status":"publish","type":"post","link":"https:\/\/asso-osem.fr\/index.php\/2020\/12\/15\/distribution-de-bons-dachat-inner-wheel-orleans-a-la-gabare-mercredi-16-12\/","title":{"rendered":"Distribution de bons d&rsquo;achat Inner Wheel Orl\u00e9ans \u00e0 la Gabare &#8211; mercredi 16\/12"},"content":{"rendered":"\n<p><img loading=\"lazy\" width=\"228\" height=\"221\" class=\"wp-image-286\" style=\"width: 150px;\" src=\"http:\/\/asso-osem.fr\/wp-content\/uploads\/2020\/11\/Inner-Wheel.jpg\" alt=\"\">Message du Club Inner Wheel Orl\u00e9ans :<br><\/p>\n\n\n\n<p>Cher\u00b7e\u00b7s Etudiant\u00b7e\u00b7s,<br>Le Club INNER WHEEL d&rsquo;Orl\u00e9ans a \u00e9t\u00e9 \u00e0 vos c\u00f4t\u00e9s durant le premier confinement et dans la continuit\u00e9 \u00a0de son projet d\u2019aide aux \u00e9tudiant-e-s souhaite organiser une aide exceptionnelle pour les f\u00eates de No\u00ebl aux plus d\u00e9muni\u00b7e\u00b7s.Cette aide se fera sous forme de bon d\u2019achat destin\u00e9 \u00e0 l\u2019alimentaire ou \u00e0 l\u2019hygi\u00e8ne et se d\u00e9roulera au magasin \u00ab\u00a0LA GABARE\u00a0\u00bb &#8211; 1455, rue de la Bergeresse \u00e0 Olivet \u00a0&#8211; le MERCREDI 16 D\u00e9cembre d\u00e8s 14 h.\u00a0La Pr\u00e9sidente et les membres du Club INNER WHEEL d&rsquo;Orl\u00e9ans seront tr\u00e8s heureux d\u2019\u00eatre \u00e0 votre \u00e9coute et de vous souhaiter un Joyeux No\u00ebl.<em><br><\/em>La Pr\u00e9sidente<em><br><a rel=\"noreferrer noopener\" href=\"mailto:iiw.fr.orleans45@gmail.com\" target=\"_blank\">iiw.fr.orleans45@gmail.com<\/a><\/em><\/p>\n","protected":false},"excerpt":{"rendered":"<p>Message du Club Inner Wheel Orl\u00e9ans : Cher\u00b7e\u00b7s Etudiant\u00b7e\u00b7s,Le Club INNER WHEEL d&rsquo;Orl\u00e9ans a \u00e9t\u00e9 \u00e0 vos c\u00f4t\u00e9s durant le premier confinement et dans la continuit\u00e9 \u00a0de son projet d\u2019aide aux \u00e9tudiant-e-s souhaite organiser une aide exceptionnelle pour les f\u00eates de No\u00ebl aux plus d\u00e9muni\u00b7e\u00b7s.Cette aide se fera sous forme de bon d\u2019achat destin\u00e9 \u00e0 [&hellip;]<\/p>\n","protected":false},"author":1,"featured_media":0,"comment_status":"open","ping_status":"open","sticky":false,"template":"","format":"standard","meta":[],"categories":[6],"tags":[],"_links":{"self":[{"href":"https:\/\/asso-osem.fr\/index.php\/wp-json\/wp\/v2\/posts\/413"}],"collection":[{"href":"https:\/\/asso-osem.fr\/index.php\/wp-json\/wp\/v2\/posts"}],"about":[{"href":"https:\/\/asso-osem.fr\/index.php\/wp-json\/wp\/v2\/types\/post"}],"author":[{"embeddable":true,"href":"https:\/\/asso-osem.fr\/index.php\/wp-json\/wp\/v2\/users\/1"}],"replies":[{"embeddable":true,"href":"https:\/\/asso-osem.fr\/index.php\/wp-json\/wp\/v2\/comments?post=413"}],"version-history":[{"count":1,"href":"https:\/\/asso-osem.fr\/index.php\/wp-json\/wp\/v2\/posts\/413\/revisions"}],"predecessor-version":[{"id":414,"href":"https:\/\/asso-osem.fr\/index.php\/wp-json\/wp\/v2\/posts\/413\/revisions\/414"}],"wp:attachment":[{"href":"https:\/\/asso-osem.fr\/index.php\/wp-json\/wp\/v2\/media?parent=413"}],"wp:term":[{"taxonomy":"category","embeddable":true,"href":"https:\/\/asso-osem.fr\/index.php\/wp-json\/wp\/v2\/categories?post=413"},{"taxonomy":"post_tag","embeddable":true,"href":"https:\/\/asso-osem.fr\/index.php\/wp-json\/wp\/v2\/tags?post=413"}],"curies":[{"name":"wp","href":"https:\/\/api.w.org\/{rel}","templated":true}]}}