{"id":395,"date":"2020-12-04T09:57:00","date_gmt":"2020-12-04T08:57:00","guid":{"rendered":"http:\/\/asso-osem.fr\/?p=395"},"modified":"2021-01-17T00:12:28","modified_gmt":"2021-01-16T23:12:28","slug":"a-orleans-de-plus-en-plus-detudiants-de-luniversite-touches-par-la-precarite","status":"publish","type":"post","link":"https:\/\/asso-osem.fr\/index.php\/2020\/12\/04\/a-orleans-de-plus-en-plus-detudiants-de-luniversite-touches-par-la-precarite\/","title":{"rendered":"A Orl\u00e9ans, de plus en plus d&rsquo;\u00e9tudiants de l&rsquo;Universit\u00e9 touch\u00e9s par la pr\u00e9carit\u00e9"},"content":{"rendered":"\n<p>La crise sanitaire touche de plein fouet les \u00e9tudiants de l&rsquo;Universit\u00e9 d&rsquo;Orl\u00e9ans. Ils sont de plus en plus nombreux \u00e0 faire appel \u00e0 la solidarit\u00e9 pour trouver tout bonnement de quoi manger. Sur le terrain, les associations se mobilisent.<\/p>\n\n\n\n<p>La suite de l&rsquo;article est \u00e0 lire sur le site de <a href=\"https:\/\/www.francebleu.fr\/infos\/societe\/a-orleans-de-plus-en-plus-d-etudiants-de-l-universite-touches-par-la-precarite-1607099574\">France Bleu Orl\u00e9ans<\/a><\/p>\n","protected":false},"excerpt":{"rendered":"<p>La crise sanitaire touche de plein fouet les \u00e9tudiants de l&rsquo;Universit\u00e9 d&rsquo;Orl\u00e9ans. Ils sont de plus en plus nombreux \u00e0 faire appel \u00e0 la solidarit\u00e9 pour trouver tout bonnement de quoi manger. Sur le terrain, les associations se mobilisent. La suite de l&rsquo;article est \u00e0 lire sur le site de France Bleu Orl\u00e9ans<\/p>\n","protected":false},"author":1,"featured_media":0,"comment_status":"open","ping_status":"open","sticky":false,"template":"","format":"standard","meta":[],"categories":[4],"tags":[],"_links":{"self":[{"href":"https:\/\/asso-osem.fr\/index.php\/wp-json\/wp\/v2\/posts\/395"}],"collection":[{"href":"https:\/\/asso-osem.fr\/index.php\/wp-json\/wp\/v2\/posts"}],"about":[{"href":"https:\/\/asso-osem.fr\/index.php\/wp-json\/wp\/v2\/types\/post"}],"author":[{"embeddable":true,"href":"https:\/\/asso-osem.fr\/index.php\/wp-json\/wp\/v2\/users\/1"}],"replies":[{"embeddable":true,"href":"https:\/\/asso-osem.fr\/index.php\/wp-json\/wp\/v2\/comments?post=395"}],"version-history":[{"count":1,"href":"https:\/\/asso-osem.fr\/index.php\/wp-json\/wp\/v2\/posts\/395\/revisions"}],"predecessor-version":[{"id":396,"href":"https:\/\/asso-osem.fr\/index.php\/wp-json\/wp\/v2\/posts\/395\/revisions\/396"}],"wp:attachment":[{"href":"https:\/\/asso-osem.fr\/index.php\/wp-json\/wp\/v2\/media?parent=395"}],"wp:term":[{"taxonomy":"category","embeddable":true,"href":"https:\/\/asso-osem.fr\/index.php\/wp-json\/wp\/v2\/categories?post=395"},{"taxonomy":"post_tag","embeddable":true,"href":"https:\/\/asso-osem.fr\/index.php\/wp-json\/wp\/v2\/tags?post=395"}],"curies":[{"name":"wp","href":"https:\/\/api.w.org\/{rel}","templated":true}]}}