{"id":378,"date":"2020-12-02T18:06:32","date_gmt":"2020-12-02T17:06:32","guid":{"rendered":"http:\/\/asso-osem.fr\/?p=378"},"modified":"2020-12-02T18:06:32","modified_gmt":"2020-12-02T17:06:32","slug":"creation-de-lassociation-osem","status":"publish","type":"post","link":"https:\/\/asso-osem.fr\/index.php\/2020\/12\/02\/creation-de-lassociation-osem\/","title":{"rendered":"Cr\u00e9ation de l&rsquo;association O&rsquo;SEM"},"content":{"rendered":"\n<p>L&rsquo;association ORLEANS SOUTIENT LES ETUDIANTS DU MONDE (O&rsquo;SEM) est cr\u00e9\u00e9e le 2 d\u00e9cembre 2020 sous le num\u00e9ro W45201807.<\/p>\n\n\n\n<h4>Objet de l&rsquo;association :<\/h4>\n\n\n\n<p>O\u2019SEM a pour objet de promouvoir et faciliter l\u2019accueil et int\u00e9gration des exil\u00e9\u00b7e\u00b7s souhaitant d\u00e9buter ou reprendre leurs \u00e9tudes sup\u00e9rieures \u00e0 l\u2019universit\u00e9 d\u2019Orl\u00e9ans, des \u00e9tudiant\u00b7e\u00b7s \u00e9tranger\u00b7\u00e8re\u00b7s, accueilli\u00b7e\u00b7s \u00e0 l\u2019Universit\u00e9 d\u2019Orl\u00e9ans, que ce soit en mobilit\u00e9 individuelle ou encadr\u00e9e, et des \u00e9tudiant\u00b7e\u00b7s, de toute nationalit\u00e9, en situation de pr\u00e9carit\u00e9. Pour ce faire, O\u2019SEM :<\/p>\n\n\n\n<p>de promouvoir et faciliter l\u2019accueil et int\u00e9gration :<\/p>\n\n\n\n<ul><li>des exil\u00e9\u00b7e\u00b7s ayant d\u00fb abandonner un projet d\u2019\u00e9tudes universitaires dans leur pays, et souhaitant d\u00e9buter ou reprendre leurs \u00e9tudes sup\u00e9rieures \u00e0 l\u2019universit\u00e9 d\u2019Orl\u00e9ans,<\/li><li>des \u00e9tudiant\u00b7e\u00b7s \u00e9tranger\u00b7\u00e8re\u00b7s, accueilli\u00b7e\u00b7s \u00e0 l\u2019Universit\u00e9 d\u2019Orl\u00e9ans, que ce soit en mobilit\u00e9 individuelle ou encadr\u00e9e, et<\/li><li>des \u00e9tudiant\u00b7e\u00b7s, de toute nationalit\u00e9, en situation de pr\u00e9carit\u00e9<\/li><\/ul>\n\n\n\n<p>de mettre en relation chaque \u00e9tudiant\u00b7e le souhaitant avec \u00e0 la fois un tuteur\u00b7trice parmi les personnels de l\u2019universit\u00e9 et\/ou un parrain\/une marraine de la soci\u00e9t\u00e9 civile, et\/ou un bin\u00f4me \u00e9tudiant\u00b7e,<\/p>\n\n\n\n<p>d\u2019aider les \u00e9tudiant\u00b7e\u00b7s en exil, avec les services ad hoc de l\u2019universit\u00e9 d\u2019Orl\u00e9ans, \u00e0 d\u00e9finir et \u00e0 concr\u00e9tiser leur futur projet d\u2019\u00e9tude sup\u00e9rieure et de les accompagner dans l&rsquo;acc\u00e8s aux infrastructures de l\u2019universit\u00e9 d\u2019Orl\u00e9ans, aux services du CROUS (bourse et logement), aux cours intensifs de fran\u00e7ais \u00e0 l\u2019Institut de Fran\u00e7ais de l\u2019universit\u00e9 d\u2019Orl\u00e9ans (IdF) puis aux cours en auditeur\u00b7trice libre,<\/p>\n\n\n\n<p>de les \u00e9pauler dans le choix et la r\u00e9alisation d\u2019activit\u00e9s artistiques, sportives et culturelles, et de proposer des ateliers et des sorties en ce sens,<\/p>\n\n\n\n<p>de structurer des actions (notamment des ateliers de conversation pour les \u00e9tudiant\u00b7e\u00b7s non francophones) et des services solidaires \u00e0 destination des \u00e9tudiant\u00b7e\u00b7s en exil, \u00e9tranger\u00b7\u00e8re\u00b7s ou non en mobilit\u00e9 ou en situation de pr\u00e9carit\u00e9,<\/p>\n\n\n\n<p>d\u2019engager tout partenariat ou de collaborer avec les acteur\u00b7trice\u00b7s du territoire agissant en solidarit\u00e9 avec les exil\u00e9\u00b7e\u00b7s, \u00e9trangers en mobilit\u00e9 ou en situation de pr\u00e9carit\u00e9 et \u00e9tudiants de toute nationalit\u00e9 en situation de pr\u00e9carit\u00e9<\/p>\n\n\n\n<p>d\u2019informer et de sensibiliser la soci\u00e9t\u00e9 civile aux enjeux li\u00e9s \u00e0 l\u2019asile et aux migrations, et \u00e0 la pr\u00e9carit\u00e9 \u00e9tudiante.<\/p>\n\n\n\n<p>Si\u00e8ge social : O&rsquo;SEM 76 rue des Turcies 45 000 Orl\u00e9ans<\/p>\n\n\n\n<p>Site internet : <a href=\"http:\/\/asso-osem.fr\/\">http:\/\/asso-osem.fr\/<\/a><\/p>\n","protected":false},"excerpt":{"rendered":"<p>L&rsquo;association ORLEANS SOUTIENT LES ETUDIANTS DU MONDE (O&rsquo;SEM) est cr\u00e9\u00e9e le 2 d\u00e9cembre 2020 sous le num\u00e9ro W45201807. Objet de l&rsquo;association : O\u2019SEM a pour objet de promouvoir et faciliter l\u2019accueil et int\u00e9gration des exil\u00e9\u00b7e\u00b7s souhaitant d\u00e9buter ou reprendre leurs \u00e9tudes sup\u00e9rieures \u00e0 l\u2019universit\u00e9 d\u2019Orl\u00e9ans, des \u00e9tudiant\u00b7e\u00b7s \u00e9tranger\u00b7\u00e8re\u00b7s, accueilli\u00b7e\u00b7s \u00e0 l\u2019Universit\u00e9 d\u2019Orl\u00e9ans, que ce soit [&hellip;]<\/p>\n","protected":false},"author":1,"featured_media":0,"comment_status":"open","ping_status":"open","sticky":false,"template":"","format":"standard","meta":[],"categories":[1],"tags":[],"_links":{"self":[{"href":"https:\/\/asso-osem.fr\/index.php\/wp-json\/wp\/v2\/posts\/378"}],"collection":[{"href":"https:\/\/asso-osem.fr\/index.php\/wp-json\/wp\/v2\/posts"}],"about":[{"href":"https:\/\/asso-osem.fr\/index.php\/wp-json\/wp\/v2\/types\/post"}],"author":[{"embeddable":true,"href":"https:\/\/asso-osem.fr\/index.php\/wp-json\/wp\/v2\/users\/1"}],"replies":[{"embeddable":true,"href":"https:\/\/asso-osem.fr\/index.php\/wp-json\/wp\/v2\/comments?post=378"}],"version-history":[{"count":1,"href":"https:\/\/asso-osem.fr\/index.php\/wp-json\/wp\/v2\/posts\/378\/revisions"}],"predecessor-version":[{"id":379,"href":"https:\/\/asso-osem.fr\/index.php\/wp-json\/wp\/v2\/posts\/378\/revisions\/379"}],"wp:attachment":[{"href":"https:\/\/asso-osem.fr\/index.php\/wp-json\/wp\/v2\/media?parent=378"}],"wp:term":[{"taxonomy":"category","embeddable":true,"href":"https:\/\/asso-osem.fr\/index.php\/wp-json\/wp\/v2\/categories?post=378"},{"taxonomy":"post_tag","embeddable":true,"href":"https:\/\/asso-osem.fr\/index.php\/wp-json\/wp\/v2\/tags?post=378"}],"curies":[{"name":"wp","href":"https:\/\/api.w.org\/{rel}","templated":true}]}}