{"id":147,"date":"2020-04-28T21:28:00","date_gmt":"2020-04-28T19:28:00","guid":{"rendered":"http:\/\/asso-osem.fr\/?p=147"},"modified":"2020-11-21T21:54:14","modified_gmt":"2020-11-21T20:54:14","slug":"face-aux-besoins-des-etudiants-orleanais-une-deuxieme-distribution-alimentaire-aura-lieu-ce-mercredi-29-avril","status":"publish","type":"post","link":"https:\/\/asso-osem.fr\/index.php\/2020\/04\/28\/face-aux-besoins-des-etudiants-orleanais-une-deuxieme-distribution-alimentaire-aura-lieu-ce-mercredi-29-avril\/","title":{"rendered":"Face aux besoins des \u00e9tudiants orl\u00e9anais, une deuxi\u00e8me distribution alimentaire aura lieu ce mercredi 29 avril"},"content":{"rendered":"\n<p>Face au succ\u00e8s de la premi\u00e8re \u00e9dition men\u00e9e mercredi 22 avril, le collectif Soutien-Etudiants-Orl\u00e9ans renouvellera la distribution alimentaire en direction des \u00e9tudiants confin\u00e9s pr\u00e9caires, ce mercredi 29 avril, de 10h30 \u00e0 12h30 sous l\u2019all\u00e9e couverte de la rue de Chartres, \u00e0 Orl\u00e9ans.<\/p>\n\n\n\n<p><img loading=\"lazy\" width=\"657\" height=\"369\" class=\"wp-image-149\" style=\"width: 213px;\" src=\"http:\/\/asso-osem.fr\/wp-content\/uploads\/2020\/04\/distribution-alimentaire-collegium-sciences-et-techniques-co_4736342.jpeg\" alt=\"\" srcset=\"https:\/\/asso-osem.fr\/wp-content\/uploads\/2020\/04\/distribution-alimentaire-collegium-sciences-et-techniques-co_4736342.jpeg 657w, https:\/\/asso-osem.fr\/wp-content\/uploads\/2020\/04\/distribution-alimentaire-collegium-sciences-et-techniques-co_4736342-300x168.jpeg 300w\" sizes=\"(max-width: 657px) 100vw, 657px\" \/><\/p>\n\n\n\n<p>Lire la suite dans l&rsquo;article de La R\u00e9publique du Centre du <a href=\"https:\/\/www.larep.fr\/orleans-45000\/actualites\/face-aux-besoins-des-etudiants-orleanais-une-deuxieme-distribution-alimentaire-aura-lieu-ce-mercredi-29-avril_13783161\/#refresh\">28 avril 2020<\/a><\/p>\n","protected":false},"excerpt":{"rendered":"<p>Face au succ\u00e8s de la premi\u00e8re \u00e9dition men\u00e9e mercredi 22 avril, le collectif Soutien-Etudiants-Orl\u00e9ans renouvellera la distribution alimentaire en direction des \u00e9tudiants confin\u00e9s pr\u00e9caires, ce mercredi 29 avril, de 10h30 \u00e0 12h30 sous l\u2019all\u00e9e couverte de la rue de Chartres, \u00e0 Orl\u00e9ans. Lire la suite dans l&rsquo;article de La R\u00e9publique du Centre du 28 avril [&hellip;]<\/p>\n","protected":false},"author":1,"featured_media":0,"comment_status":"open","ping_status":"open","sticky":false,"template":"","format":"standard","meta":[],"categories":[1],"tags":[],"_links":{"self":[{"href":"https:\/\/asso-osem.fr\/index.php\/wp-json\/wp\/v2\/posts\/147"}],"collection":[{"href":"https:\/\/asso-osem.fr\/index.php\/wp-json\/wp\/v2\/posts"}],"about":[{"href":"https:\/\/asso-osem.fr\/index.php\/wp-json\/wp\/v2\/types\/post"}],"author":[{"embeddable":true,"href":"https:\/\/asso-osem.fr\/index.php\/wp-json\/wp\/v2\/users\/1"}],"replies":[{"embeddable":true,"href":"https:\/\/asso-osem.fr\/index.php\/wp-json\/wp\/v2\/comments?post=147"}],"version-history":[{"count":3,"href":"https:\/\/asso-osem.fr\/index.php\/wp-json\/wp\/v2\/posts\/147\/revisions"}],"predecessor-version":[{"id":151,"href":"https:\/\/asso-osem.fr\/index.php\/wp-json\/wp\/v2\/posts\/147\/revisions\/151"}],"wp:attachment":[{"href":"https:\/\/asso-osem.fr\/index.php\/wp-json\/wp\/v2\/media?parent=147"}],"wp:term":[{"taxonomy":"category","embeddable":true,"href":"https:\/\/asso-osem.fr\/index.php\/wp-json\/wp\/v2\/categories?post=147"},{"taxonomy":"post_tag","embeddable":true,"href":"https:\/\/asso-osem.fr\/index.php\/wp-json\/wp\/v2\/tags?post=147"}],"curies":[{"name":"wp","href":"https:\/\/api.w.org\/{rel}","templated":true}]}}