{"id":1433,"date":"2021-05-06T17:06:42","date_gmt":"2021-05-06T15:06:42","guid":{"rendered":"http:\/\/asso-osem.fr\/?p=1433"},"modified":"2021-06-10T17:00:44","modified_gmt":"2021-06-10T15:00:44","slug":"demain-cest-vendredi-je-ne-cuisine-pas","status":"publish","type":"post","link":"https:\/\/asso-osem.fr\/index.php\/2021\/05\/06\/demain-cest-vendredi-je-ne-cuisine-pas\/","title":{"rendered":"Demain, c&rsquo;est \u00ab\u00a0vendredi je ne cuisine pas\u00a0\u00bb !"},"content":{"rendered":"\t\t<div data-elementor-type=\"wp-post\" data-elementor-id=\"1433\" class=\"elementor elementor-1433\">\n\t\t\t\t\t\t<div class=\"elementor-inner\">\n\t\t\t\t<div class=\"elementor-section-wrap\">\n\t\t\t\t\t\t\t\t\t<section class=\"elementor-section elementor-top-section elementor-element elementor-element-294abb7 elementor-section-boxed elementor-section-height-default elementor-section-height-default\" data-id=\"294abb7\" data-element_type=\"section\">\n\t\t\t\t\t\t<div class=\"elementor-container elementor-column-gap-default\">\n\t\t\t\t\t\t\t<div class=\"elementor-row\">\n\t\t\t\t\t<div class=\"elementor-column elementor-col-50 elementor-top-column elementor-element elementor-element-3269bc8\" data-id=\"3269bc8\" data-element_type=\"column\">\n\t\t\t<div class=\"elementor-column-wrap elementor-element-populated\">\n\t\t\t\t\t\t\t<div class=\"elementor-widget-wrap\">\n\t\t\t\t\t\t<div class=\"elementor-element elementor-element-59b934c elementor-widget elementor-widget-text-editor\" data-id=\"59b934c\" data-element_type=\"widget\" data-widget_type=\"text-editor.default\">\n\t\t\t\t<div class=\"elementor-widget-container\">\n\t\t\t\t\t\t\t\t<div class=\"elementor-text-editor elementor-clearfix\">\n\t\t\t\t<div>En cette fin de semaine, O&rsquo;SEM renouvelle son op\u00e9ration \u00ab\u00a0vendredi soir, je ne cuisine pas\u00a0\u00bb. Merci \u00e0 <a href=\"https:\/\/wearephenix.com\/\">Ph\u00e9nix<\/a> pour vous avoir associ\u00e9s \u00e0 cette d\u00e9marche anti-gaspillage&#8230; et \u00e0 la cuisine centrale d&rsquo;Olivet !<\/div><div>Si vous pr\u00e9f\u00e9rez garder au frigo, cela peut \u00eatre mang\u00e9 samedi ou dimanche\u00a0 (mais pas plus tard, attention aux dates indiqu\u00e9es). Si vous voulez, vous pouvez prendre plusieurs parts (1, 2, 3&#8230;?).<\/div><div><u>Le RDV a chang\u00e9<\/u> : <span style=\"color: #ff0000;\"><b>vendredi, entre 16h30 et 17h15, devant le guichet de l&rsquo;AIDE, sur le parking entre le bloc amphi Sciences et la BU de Sciences (proche arr\u00eat de Tram) !<\/b><\/span><\/div><div><span style=\"color: #ff0000;\"><b>\u00a0<\/b><\/span><\/div><div><span style=\"color: #ff0000;\"><b><span style=\"color: #0000ff;\"><a href=\"https:\/\/www.facebook.com\/lepotagerdantan\">Le potager d&rsquo;Anta<\/a>n<\/span> <span style=\"color: #0000ff;\">s&rsquo;associe cette semaine au dispositif ! il y aura des l\u00e9gumes !!!!<\/span> Un grand merci \u00e0 Benjamin, pr\u00e9sent pour les \u00e9tudiants depuis plus de 6 mois !<br \/><\/b><\/span><\/div>\t\t\t\t\t<\/div>\n\t\t\t\t\t\t<\/div>\n\t\t\t\t<\/div>\n\t\t\t\t\t\t<\/div>\n\t\t\t\t\t<\/div>\n\t\t<\/div>\n\t\t\t\t<div class=\"elementor-column elementor-col-50 elementor-top-column elementor-element elementor-element-45f4d00\" data-id=\"45f4d00\" data-element_type=\"column\">\n\t\t\t<div class=\"elementor-column-wrap elementor-element-populated\">\n\t\t\t\t\t\t\t<div class=\"elementor-widget-wrap\">\n\t\t\t\t\t\t<div class=\"elementor-element elementor-element-c127d79 elementor-widget elementor-widget-text-editor\" data-id=\"c127d79\" data-element_type=\"widget\" data-widget_type=\"text-editor.default\">\n\t\t\t\t<div class=\"elementor-widget-container\">\n\t\t\t\t\t\t\t\t<div class=\"elementor-text-editor elementor-clearfix\">\n\t\t\t\t<p><img loading=\"lazy\" class=\"alignnone  wp-image-1446 alignleft\" src=\"http:\/\/asso-osem.fr\/wp-content\/uploads\/2021\/05\/Logo-Phenix-300x300.jpg\" alt=\"\" width=\"203\" height=\"195\" \/><\/p><p><img loading=\"lazy\" class=\"wp-image-1447 alignleft\" src=\"http:\/\/asso-osem.fr\/wp-content\/uploads\/2021\/05\/potager-dantan-298x300.jpg\" alt=\"\" width=\"182\" height=\"188\" \/><\/p><p>\u00a0<\/p><p style=\"text-align: left;\">\u00a0<\/p>\t\t\t\t\t<\/div>\n\t\t\t\t\t\t<\/div>\n\t\t\t\t<\/div>\n\t\t\t\t\t\t<\/div>\n\t\t\t\t\t<\/div>\n\t\t<\/div>\n\t\t\t\t\t\t\t\t<\/div>\n\t\t\t\t\t<\/div>\n\t\t<\/section>\n\t\t\t\t<section class=\"elementor-section elementor-top-section elementor-element elementor-element-4bcf3c4 elementor-section-boxed elementor-section-height-default elementor-section-height-default\" data-id=\"4bcf3c4\" data-element_type=\"section\">\n\t\t\t\t\t\t<div class=\"elementor-container elementor-column-gap-default\">\n\t\t\t\t\t\t\t<div class=\"elementor-row\">\n\t\t\t\t\t<div class=\"elementor-column elementor-col-50 elementor-top-column elementor-element elementor-element-609d749\" data-id=\"609d749\" data-element_type=\"column\">\n\t\t\t<div class=\"elementor-column-wrap elementor-element-populated\">\n\t\t\t\t\t\t\t<div class=\"elementor-widget-wrap\">\n\t\t\t\t\t\t<div class=\"elementor-element elementor-element-2914182 elementor-widget elementor-widget-image\" data-id=\"2914182\" data-element_type=\"widget\" data-widget_type=\"image.default\">\n\t\t\t\t<div class=\"elementor-widget-container\">\n\t\t\t\t\t\t\t\t<div class=\"elementor-image\">\n\t\t\t\t\t\t\t\t\t\t\t\t<img width=\"1024\" height=\"1024\" src=\"https:\/\/asso-osem.fr\/wp-content\/uploads\/2021\/05\/plan-AIDE-1024x1024.jpg\" class=\"attachment-large size-large wp-image-1452\" alt=\"\" loading=\"lazy\" srcset=\"https:\/\/asso-osem.fr\/wp-content\/uploads\/2021\/05\/plan-AIDE-1024x1024.jpg 1024w, https:\/\/asso-osem.fr\/wp-content\/uploads\/2021\/05\/plan-AIDE-300x300.jpg 300w, https:\/\/asso-osem.fr\/wp-content\/uploads\/2021\/05\/plan-AIDE-150x150.jpg 150w, https:\/\/asso-osem.fr\/wp-content\/uploads\/2021\/05\/plan-AIDE-768x768.jpg 768w, https:\/\/asso-osem.fr\/wp-content\/uploads\/2021\/05\/plan-AIDE.jpg 1080w\" sizes=\"(max-width: 1024px) 100vw, 1024px\" \/>\t\t\t\t\t\t\t\t\t\t\t\t\t\t<\/div>\n\t\t\t\t\t\t<\/div>\n\t\t\t\t<\/div>\n\t\t\t\t\t\t<\/div>\n\t\t\t\t\t<\/div>\n\t\t<\/div>\n\t\t\t\t<div class=\"elementor-column elementor-col-50 elementor-top-column elementor-element elementor-element-2ff2fd2\" data-id=\"2ff2fd2\" data-element_type=\"column\">\n\t\t\t<div class=\"elementor-column-wrap elementor-element-populated\">\n\t\t\t\t\t\t\t<div class=\"elementor-widget-wrap\">\n\t\t\t\t\t\t<div class=\"elementor-element elementor-element-4a3712b elementor-widget elementor-widget-text-editor\" data-id=\"4a3712b\" data-element_type=\"widget\" data-widget_type=\"text-editor.default\">\n\t\t\t\t<div class=\"elementor-widget-container\">\n\t\t\t\t\t\t\t\t<div class=\"elementor-text-editor elementor-clearfix\">\n\t\t\t\t<p><img loading=\"lazy\" class=\"alignnone size-medium wp-image-1454\" src=\"http:\/\/asso-osem.fr\/wp-content\/uploads\/2021\/05\/Porte-AIDE-300x300.jpg\" alt=\"\" width=\"300\" height=\"300\" srcset=\"https:\/\/asso-osem.fr\/wp-content\/uploads\/2021\/05\/Porte-AIDE-300x300.jpg 300w, https:\/\/asso-osem.fr\/wp-content\/uploads\/2021\/05\/Porte-AIDE-1024x1024.jpg 1024w, https:\/\/asso-osem.fr\/wp-content\/uploads\/2021\/05\/Porte-AIDE-150x150.jpg 150w, https:\/\/asso-osem.fr\/wp-content\/uploads\/2021\/05\/Porte-AIDE-768x768.jpg 768w, https:\/\/asso-osem.fr\/wp-content\/uploads\/2021\/05\/Porte-AIDE.jpg 1080w\" sizes=\"(max-width: 300px) 100vw, 300px\" \/> <img loading=\"lazy\" class=\"alignnone size-medium wp-image-1453\" src=\"http:\/\/asso-osem.fr\/wp-content\/uploads\/2021\/05\/Logo_AIDE-300x300.jpg\" alt=\"\" width=\"300\" height=\"300\" srcset=\"https:\/\/asso-osem.fr\/wp-content\/uploads\/2021\/05\/Logo_AIDE-300x300.jpg 300w, https:\/\/asso-osem.fr\/wp-content\/uploads\/2021\/05\/Logo_AIDE-1024x1024.jpg 1024w, https:\/\/asso-osem.fr\/wp-content\/uploads\/2021\/05\/Logo_AIDE-150x150.jpg 150w, https:\/\/asso-osem.fr\/wp-content\/uploads\/2021\/05\/Logo_AIDE-768x768.jpg 768w, https:\/\/asso-osem.fr\/wp-content\/uploads\/2021\/05\/Logo_AIDE.jpg 1080w\" sizes=\"(max-width: 300px) 100vw, 300px\" \/>.<\/p>\t\t\t\t\t<\/div>\n\t\t\t\t\t\t<\/div>\n\t\t\t\t<\/div>\n\t\t\t\t\t\t<\/div>\n\t\t\t\t\t<\/div>\n\t\t<\/div>\n\t\t\t\t\t\t\t\t<\/div>\n\t\t\t\t\t<\/div>\n\t\t<\/section>\n\t\t\t\t\t\t\t\t\t<\/div>\n\t\t\t<\/div>\n\t\t\t\t\t<\/div>\n\t\t","protected":false},"excerpt":{"rendered":"<p>En cette fin de semaine, O&rsquo;SEM renouvelle son op\u00e9ration \u00ab\u00a0vendredi soir, je ne cuisine pas\u00a0\u00bb. Merci \u00e0 Ph\u00e9nix pour vous avoir associ\u00e9s \u00e0 cette d\u00e9marche anti-gaspillage&#8230; et \u00e0 la cuisine centrale d&rsquo;Olivet !Si vous pr\u00e9f\u00e9rez garder au frigo, cela peut \u00eatre mang\u00e9 samedi ou dimanche\u00a0 (mais pas plus tard, attention aux dates indiqu\u00e9es). Si vous [&hellip;]<\/p>\n","protected":false},"author":2,"featured_media":0,"comment_status":"open","ping_status":"open","sticky":false,"template":"","format":"standard","meta":[],"categories":[11,3],"tags":[],"_links":{"self":[{"href":"https:\/\/asso-osem.fr\/index.php\/wp-json\/wp\/v2\/posts\/1433"}],"collection":[{"href":"https:\/\/asso-osem.fr\/index.php\/wp-json\/wp\/v2\/posts"}],"about":[{"href":"https:\/\/asso-osem.fr\/index.php\/wp-json\/wp\/v2\/types\/post"}],"author":[{"embeddable":true,"href":"https:\/\/asso-osem.fr\/index.php\/wp-json\/wp\/v2\/users\/2"}],"replies":[{"embeddable":true,"href":"https:\/\/asso-osem.fr\/index.php\/wp-json\/wp\/v2\/comments?post=1433"}],"version-history":[{"count":16,"href":"https:\/\/asso-osem.fr\/index.php\/wp-json\/wp\/v2\/posts\/1433\/revisions"}],"predecessor-version":[{"id":1457,"href":"https:\/\/asso-osem.fr\/index.php\/wp-json\/wp\/v2\/posts\/1433\/revisions\/1457"}],"wp:attachment":[{"href":"https:\/\/asso-osem.fr\/index.php\/wp-json\/wp\/v2\/media?parent=1433"}],"wp:term":[{"taxonomy":"category","embeddable":true,"href":"https:\/\/asso-osem.fr\/index.php\/wp-json\/wp\/v2\/categories?post=1433"},{"taxonomy":"post_tag","embeddable":true,"href":"https:\/\/asso-osem.fr\/index.php\/wp-json\/wp\/v2\/tags?post=1433"}],"curies":[{"name":"wp","href":"https:\/\/api.w.org\/{rel}","templated":true}]}}