{"id":1007,"date":"2021-04-01T20:02:04","date_gmt":"2021-04-01T18:02:04","guid":{"rendered":"http:\/\/asso-osem.fr\/?p=1007"},"modified":"2021-04-01T20:10:15","modified_gmt":"2021-04-01T18:10:15","slug":"operation-zero-gaspi-encore-demain-vendredi-je-en-cuisine-pas","status":"publish","type":"post","link":"https:\/\/asso-osem.fr\/index.php\/2021\/04\/01\/operation-zero-gaspi-encore-demain-vendredi-je-en-cuisine-pas\/","title":{"rendered":"Op\u00e9ration z\u00e9ro gaspi encore demain \u00ab\u00a0vendredi je en cuisine pas\u00a0\u00bb"},"content":{"rendered":"\t\t<div data-elementor-type=\"wp-post\" data-elementor-id=\"1007\" class=\"elementor elementor-1007\">\n\t\t\t\t\t\t<div class=\"elementor-inner\">\n\t\t\t\t<div class=\"elementor-section-wrap\">\n\t\t\t\t\t\t\t\t\t<section class=\"elementor-section elementor-top-section elementor-element elementor-element-538a7d81 elementor-section-boxed elementor-section-height-default elementor-section-height-default\" data-id=\"538a7d81\" data-element_type=\"section\">\n\t\t\t\t\t\t<div class=\"elementor-container elementor-column-gap-default\">\n\t\t\t\t\t\t\t<div class=\"elementor-row\">\n\t\t\t\t\t<div class=\"elementor-column elementor-col-100 elementor-top-column elementor-element elementor-element-7289d2bf\" data-id=\"7289d2bf\" data-element_type=\"column\">\n\t\t\t<div class=\"elementor-column-wrap elementor-element-populated\">\n\t\t\t\t\t\t\t<div class=\"elementor-widget-wrap\">\n\t\t\t\t\t\t<div class=\"elementor-element elementor-element-47c61d46 elementor-widget elementor-widget-text-editor\" data-id=\"47c61d46\" data-element_type=\"widget\" data-widget_type=\"text-editor.default\">\n\t\t\t\t<div class=\"elementor-widget-container\">\n\t\t\t\t\t\t\t\t<div class=\"elementor-text-editor elementor-clearfix\">\n\t\t\t\t<p><!-- wp:paragraph --><\/p>\n<p>Gr\u00e2ce \u00e0 <a href=\"https:\/\/wearephenix.com\/\" target=\"_blank\" rel=\"noopener\">PHENIX Loiret<\/a>, O\u2019SEM s\u2019associe \u00e0 la <a href=\"http:\/\/www.olivet.fr\/fr\/restauration-scolaire\" target=\"_blank\" rel=\"noopener\">cuisine centrale SOGERES<\/a> (ex-Sodexo) d\u2019Olivet ! L\u2019op\u00e9ration z\u00e9ro gaspi \u00ab vendredi soir, je ne cuisine pas \u00bb continue\u2026 RDV vendredi 2 Avril (demain !) parking des H\u00eatres, \u00e0 15h, pour r\u00e9cup\u00e9rer entr\u00e9e + plat + dessert\u2026 et RDV les vendredis suivants !<\/p>\n<p>Quelques images de la semaine derni\u00e8re ci-dessous : Sadate et Gloria, en renfort de la #TeamPickles (Arnaud Menuet et C\u00e9line Mont\u00e9cot&#8230;Richard Bouceffa est cach\u00e9 !) pour cette distribution&#8230;<br><\/p>\n<p><!-- \/wp:paragraph --><\/p>\t\t\t\t\t<\/div>\n\t\t\t\t\t\t<\/div>\n\t\t\t\t<\/div>\n\t\t\t\t\t\t<\/div>\n\t\t\t\t\t<\/div>\n\t\t<\/div>\n\t\t\t\t\t\t\t\t<\/div>\n\t\t\t\t\t<\/div>\n\t\t<\/section>\n\t\t\t\t<section class=\"elementor-section elementor-top-section elementor-element elementor-element-a740707 elementor-section-boxed elementor-section-height-default elementor-section-height-default\" data-id=\"a740707\" data-element_type=\"section\">\n\t\t\t\t\t\t<div class=\"elementor-container elementor-column-gap-default\">\n\t\t\t\t\t\t\t<div class=\"elementor-row\">\n\t\t\t\t\t<div class=\"elementor-column elementor-col-50 elementor-top-column elementor-element elementor-element-03a4b5e\" data-id=\"03a4b5e\" data-element_type=\"column\">\n\t\t\t<div class=\"elementor-column-wrap elementor-element-populated\">\n\t\t\t\t\t\t\t<div class=\"elementor-widget-wrap\">\n\t\t\t\t\t\t<div class=\"elementor-element elementor-element-f05e45b elementor-widget elementor-widget-image\" data-id=\"f05e45b\" data-element_type=\"widget\" data-widget_type=\"image.default\">\n\t\t\t\t<div class=\"elementor-widget-container\">\n\t\t\t\t\t\t\t\t<div class=\"elementor-image\">\n\t\t\t\t\t\t\t\t\t\t\t\t<img width=\"1024\" height=\"768\" src=\"https:\/\/asso-osem.fr\/wp-content\/uploads\/2021\/04\/IMG_20210326_151559-1024x768.jpg\" class=\"attachment-large size-large wp-image-1026\" alt=\"\" loading=\"lazy\" srcset=\"https:\/\/asso-osem.fr\/wp-content\/uploads\/2021\/04\/IMG_20210326_151559-1024x768.jpg 1024w, https:\/\/asso-osem.fr\/wp-content\/uploads\/2021\/04\/IMG_20210326_151559-300x225.jpg 300w, https:\/\/asso-osem.fr\/wp-content\/uploads\/2021\/04\/IMG_20210326_151559-768x576.jpg 768w, https:\/\/asso-osem.fr\/wp-content\/uploads\/2021\/04\/IMG_20210326_151559-1536x1152.jpg 1536w, https:\/\/asso-osem.fr\/wp-content\/uploads\/2021\/04\/IMG_20210326_151559-2048x1536.jpg 2048w\" sizes=\"(max-width: 1024px) 100vw, 1024px\" \/>\t\t\t\t\t\t\t\t\t\t\t\t\t\t<\/div>\n\t\t\t\t\t\t<\/div>\n\t\t\t\t<\/div>\n\t\t\t\t\t\t<\/div>\n\t\t\t\t\t<\/div>\n\t\t<\/div>\n\t\t\t\t<div class=\"elementor-column elementor-col-50 elementor-top-column elementor-element elementor-element-178ccdc\" data-id=\"178ccdc\" data-element_type=\"column\">\n\t\t\t<div class=\"elementor-column-wrap elementor-element-populated\">\n\t\t\t\t\t\t\t<div class=\"elementor-widget-wrap\">\n\t\t\t\t\t\t<div class=\"elementor-element elementor-element-9896cc5 elementor-widget elementor-widget-image\" data-id=\"9896cc5\" data-element_type=\"widget\" data-widget_type=\"image.default\">\n\t\t\t\t<div class=\"elementor-widget-container\">\n\t\t\t\t\t\t\t\t<div class=\"elementor-image\">\n\t\t\t\t\t\t\t\t\t\t\t\t<img width=\"1024\" height=\"768\" src=\"https:\/\/asso-osem.fr\/wp-content\/uploads\/2021\/04\/IMG_20210326_151610-1024x768.jpg\" class=\"attachment-large size-large wp-image-1027\" alt=\"\" loading=\"lazy\" srcset=\"https:\/\/asso-osem.fr\/wp-content\/uploads\/2021\/04\/IMG_20210326_151610-1024x768.jpg 1024w, https:\/\/asso-osem.fr\/wp-content\/uploads\/2021\/04\/IMG_20210326_151610-300x225.jpg 300w, https:\/\/asso-osem.fr\/wp-content\/uploads\/2021\/04\/IMG_20210326_151610-768x576.jpg 768w, https:\/\/asso-osem.fr\/wp-content\/uploads\/2021\/04\/IMG_20210326_151610-1536x1152.jpg 1536w, https:\/\/asso-osem.fr\/wp-content\/uploads\/2021\/04\/IMG_20210326_151610-2048x1536.jpg 2048w\" sizes=\"(max-width: 1024px) 100vw, 1024px\" \/>\t\t\t\t\t\t\t\t\t\t\t\t\t\t<\/div>\n\t\t\t\t\t\t<\/div>\n\t\t\t\t<\/div>\n\t\t\t\t\t\t<\/div>\n\t\t\t\t\t<\/div>\n\t\t<\/div>\n\t\t\t\t\t\t\t\t<\/div>\n\t\t\t\t\t<\/div>\n\t\t<\/section>\n\t\t\t\t\t\t\t\t\t<\/div>\n\t\t\t<\/div>\n\t\t\t\t\t<\/div>\n\t\t","protected":false},"excerpt":{"rendered":"<p>Gr\u00e2ce \u00e0 PHENIX Loiret, O\u2019SEM s\u2019associe \u00e0 la cuisine centrale SOGERES (ex-Sodexo) d\u2019Olivet ! L\u2019op\u00e9ration z\u00e9ro gaspi \u00ab vendredi soir, je ne cuisine pas \u00bb continue\u2026 RDV vendredi 2 Avril (demain !) parking des H\u00eatres, \u00e0 15h, pour r\u00e9cup\u00e9rer entr\u00e9e + plat + dessert\u2026 et RDV les vendredis suivants ! Quelques images de la semaine [&hellip;]<\/p>\n","protected":false},"author":2,"featured_media":0,"comment_status":"open","ping_status":"open","sticky":false,"template":"","format":"standard","meta":[],"categories":[11],"tags":[],"_links":{"self":[{"href":"https:\/\/asso-osem.fr\/index.php\/wp-json\/wp\/v2\/posts\/1007"}],"collection":[{"href":"https:\/\/asso-osem.fr\/index.php\/wp-json\/wp\/v2\/posts"}],"about":[{"href":"https:\/\/asso-osem.fr\/index.php\/wp-json\/wp\/v2\/types\/post"}],"author":[{"embeddable":true,"href":"https:\/\/asso-osem.fr\/index.php\/wp-json\/wp\/v2\/users\/2"}],"replies":[{"embeddable":true,"href":"https:\/\/asso-osem.fr\/index.php\/wp-json\/wp\/v2\/comments?post=1007"}],"version-history":[{"count":5,"href":"https:\/\/asso-osem.fr\/index.php\/wp-json\/wp\/v2\/posts\/1007\/revisions"}],"predecessor-version":[{"id":1030,"href":"https:\/\/asso-osem.fr\/index.php\/wp-json\/wp\/v2\/posts\/1007\/revisions\/1030"}],"wp:attachment":[{"href":"https:\/\/asso-osem.fr\/index.php\/wp-json\/wp\/v2\/media?parent=1007"}],"wp:term":[{"taxonomy":"category","embeddable":true,"href":"https:\/\/asso-osem.fr\/index.php\/wp-json\/wp\/v2\/categories?post=1007"},{"taxonomy":"post_tag","embeddable":true,"href":"https:\/\/asso-osem.fr\/index.php\/wp-json\/wp\/v2\/tags?post=1007"}],"curies":[{"name":"wp","href":"https:\/\/api.w.org\/{rel}","templated":true}]}}